{"id":11124,"date":"2021-07-06T19:01:13","date_gmt":"2021-07-06T23:01:13","guid":{"rendered":"https:\/\/www.pedroandretta.info\/index\/?p=11124"},"modified":"2021-07-06T19:01:13","modified_gmt":"2021-07-06T23:01:13","slug":"bibliotecas-publicas-e-integracao-de-tecnologias-para-idosos-um-estudo-de-caso","status":"publish","type":"post","link":"https:\/\/www.pedroandretta.info\/index\/2021\/07\/bibliotecas-publicas-e-integracao-de-tecnologias-para-idosos-um-estudo-de-caso\/","title":{"rendered":"Bibliotecas p\u00fablicas e integra\u00e7\u00e3o de tecnologias para idosos: um estudo de caso &#8230;"},"content":{"rendered":"<p>[ad_1]<\/p>\n<blockquote class=\"twitter-tweet\">\n<p lang=\"pt\" dir=\"ltr\">Bibliotecas p\u00fablicas e integra\u00e7\u00e3o de tecnologias para idosos: um estudo de caso em Extremadura l A tend\u00eancia \u00e9 que a expectativa de vida da popula\u00e7\u00e3o passe a se ampliar cada vez mais, portanto, \u00e9 preciso desde j\u00e1 repensar servi\u00e7os e inclus\u00e3o digital! <a target=\"_blank\" href=\"https:\/\/twitter.com\/hashtag\/BibliotecasP%C3%BAblicas?src=hash&amp;ref_src=twsrc%5Etfw\" rel=\"noopener\">#BibliotecasP\u00fablicas<\/a> <a target=\"_blank\" href=\"https:\/\/twitter.com\/hashtag\/Idosos?src=hash&amp;ref_src=twsrc%5Etfw\" rel=\"noopener\">#Idosos<\/a> <a target=\"_blank\" href=\"https:\/\/t.co\/OJt0it5BAN\" rel=\"noopener\">pic.twitter.com\/OJt0it5BAN<\/a><\/p>\n<p>&mdash; Pedro Andretta (@pedroisandretta) <a target=\"_blank\" href=\"https:\/\/twitter.com\/pedroisandretta\/status\/1412547210940760074?ref_src=twsrc%5Etfw\" rel=\"noopener\">July 6, 2021<\/a><\/p><\/blockquote>\n<p><script async src=\"https:\/\/platform.twitter.com\/widgets.js\" charset=\"utf-8\"><\/script><\/p>\n<p>[ad_2]<br \/>\n<br \/><a href=\"https:\/\/twitter.com\/pedroisandretta\/statuses\/1412547210940760074\">Fonte<\/a> : Projeto <a href=\"https:\/\/www.pedroandretta.info\/informeci\">Informe-CI<\/a><\/p>\n","protected":false},"excerpt":{"rendered":"<p>[ad_1] Bibliotecas p\u00fablicas e integra\u00e7\u00e3o de tecnologias para idosos: um estudo de caso em Extremadura l A tend\u00eancia \u00e9 que a expectativa de vida da popula\u00e7\u00e3o passe a se ampliar cada vez mais, portanto, \u00e9 preciso desde j\u00e1 repensar servi\u00e7os e inclus\u00e3o digital! #BibliotecasP\u00fablicas #Idosos pic.twitter.com\/OJt0it5BAN &mdash; Pedro Andretta (@pedroisandretta) July 6, 2021 [ad_2] Fonte<\/p><\/div>\n<div class=\"blog-btn\"><a href=\"https:\/\/www.pedroandretta.info\/index\/2021\/07\/bibliotecas-publicas-e-integracao-de-tecnologias-para-idosos-um-estudo-de-caso\/\" class=\"home-blog-btn\">Ler mais<\/a><\/p>\n","protected":false},"author":1,"featured_media":11125,"comment_status":"open","ping_status":"open","sticky":false,"template":"","format":"standard","meta":{"_jetpack_memberships_contains_paid_content":false,"footnotes":"","jetpack_publicize_message":"","jetpack_publicize_feature_enabled":true,"jetpack_social_post_already_shared":true,"jetpack_social_options":{"image_generator_settings":{"template":"highway","default_image_id":0,"font":"","enabled":false},"version":2}},"categories":[21],"tags":[39,1057],"class_list":["post-11124","post","type-post","status-publish","format-standard","has-post-thumbnail","hentry","category-informeci","tag-bibliotecaspublicas","tag-idosos"],"jetpack_publicize_connections":[],"jetpack_featured_media_url":"https:\/\/i0.wp.com\/www.pedroandretta.info\/index\/wp-content\/uploads\/2021\/07\/Bibliotecas-publicas-e-integracao-de-tecnologias-para-idosos-um-estudo.jpg?fit=640%2C996&ssl=1","views":"","jetpack_sharing_enabled":true,"_links":{"self":[{"href":"https:\/\/www.pedroandretta.info\/index\/wp-json\/wp\/v2\/posts\/11124","targetHints":{"allow":["GET"]}}],"collection":[{"href":"https:\/\/www.pedroandretta.info\/index\/wp-json\/wp\/v2\/posts"}],"about":[{"href":"https:\/\/www.pedroandretta.info\/index\/wp-json\/wp\/v2\/types\/post"}],"author":[{"embeddable":true,"href":"https:\/\/www.pedroandretta.info\/index\/wp-json\/wp\/v2\/users\/1"}],"replies":[{"embeddable":true,"href":"https:\/\/www.pedroandretta.info\/index\/wp-json\/wp\/v2\/comments?post=11124"}],"version-history":[{"count":0,"href":"https:\/\/www.pedroandretta.info\/index\/wp-json\/wp\/v2\/posts\/11124\/revisions"}],"wp:featuredmedia":[{"embeddable":true,"href":"https:\/\/www.pedroandretta.info\/index\/wp-json\/wp\/v2\/media\/11125"}],"wp:attachment":[{"href":"https:\/\/www.pedroandretta.info\/index\/wp-json\/wp\/v2\/media?parent=11124"}],"wp:term":[{"taxonomy":"category","embeddable":true,"href":"https:\/\/www.pedroandretta.info\/index\/wp-json\/wp\/v2\/categories?post=11124"},{"taxonomy":"post_tag","embeddable":true,"href":"https:\/\/www.pedroandretta.info\/index\/wp-json\/wp\/v2\/tags?post=11124"}],"curies":[{"name":"wp","href":"https:\/\/api.w.org\/{rel}","templated":true}]}}