{"id":11143,"date":"2021-07-08T16:30:42","date_gmt":"2021-07-08T20:30:42","guid":{"rendered":"https:\/\/www.pedroandretta.info\/index\/?p=11143"},"modified":"2021-07-08T16:30:42","modified_gmt":"2021-07-08T20:30:42","slug":"relatorio-de-ciencias-da-unesco-a-corrida-contra-o-tempo-por-um-desenvolvimento","status":"publish","type":"post","link":"https:\/\/www.pedroandretta.info\/index\/2021\/07\/relatorio-de-ciencias-da-unesco-a-corrida-contra-o-tempo-por-um-desenvolvimento\/","title":{"rendered":"Relat\u00f3rio de ci\u00eancias da UNESCO: a corrida contra o tempo por um desenvolvimento&#8230;"},"content":{"rendered":"<p>[ad_1]<\/p>\n<blockquote class=\"twitter-tweet\">\n<p lang=\"pt\" dir=\"ltr\">Relat\u00f3rio de ci\u00eancias da UNESCO: a corrida contra o tempo por um desenvolvimento mais inteligente; resumo executivo e cen\u00e1rio brasileiro (2021)l Muito bacana esse relat\u00f3rio, dados por paises e temas.   <a target=\"_blank\" href=\"https:\/\/twitter.com\/hashtag\/Ci%C3%AAncia?src=hash&amp;ref_src=twsrc%5Etfw\" rel=\"noopener\">#Ci\u00eancia<\/a> <a target=\"_blank\" href=\"https:\/\/twitter.com\/hashtag\/Comunica%C3%A7%C3%A3oCient%C3%ADfica?src=hash&amp;ref_src=twsrc%5Etfw\" rel=\"noopener\">#Comunica\u00e7\u00e3oCient\u00edfica<\/a> <a target=\"_blank\" href=\"https:\/\/twitter.com\/hashtag\/Agenda2030?src=hash&amp;ref_src=twsrc%5Etfw\" rel=\"noopener\">#Agenda2030<\/a> via UNESCO <a target=\"_blank\" href=\"https:\/\/t.co\/6x5DRZ4NNG\" rel=\"noopener\">https:\/\/t.co\/6x5DRZ4NNG<\/a><\/p>\n<p>&mdash; Pedro Andretta (@pedroisandretta) <a target=\"_blank\" href=\"https:\/\/twitter.com\/pedroisandretta\/status\/1413234108961116163?ref_src=twsrc%5Etfw\" rel=\"noopener\">July 8, 2021<\/a><\/p><\/blockquote>\n<p><script async src=\"https:\/\/platform.twitter.com\/widgets.js\" charset=\"utf-8\"><\/script><\/p>\n<p>[ad_2]<br \/>\n<br \/><a href=\"https:\/\/twitter.com\/pedroisandretta\/statuses\/1413234108961116163\">Fonte<\/a> : Projeto <a href=\"https:\/\/www.pedroandretta.info\/informeci\">Informe-CI<\/a><\/p>\n","protected":false},"excerpt":{"rendered":"<p>[ad_1] Relat\u00f3rio de ci\u00eancias da UNESCO: a corrida contra o tempo por um desenvolvimento mais inteligente; resumo executivo e cen\u00e1rio brasileiro (2021)l Muito bacana esse relat\u00f3rio, dados por paises e temas. #Ci\u00eancia #Comunica\u00e7\u00e3oCient\u00edfica #Agenda2030 via UNESCO https:\/\/t.co\/6x5DRZ4NNG &mdash; Pedro Andretta (@pedroisandretta) July 8, 2021 [ad_2] Fonte : Projeto Informe-CI<\/p>\n","protected":false},"author":1,"featured_media":0,"comment_status":"open","ping_status":"open","sticky":false,"template":"","format":"standard","meta":{"_jetpack_memberships_contains_paid_content":false,"footnotes":"","jetpack_publicize_message":"","jetpack_publicize_feature_enabled":true,"jetpack_social_post_already_shared":false,"jetpack_social_options":{"image_generator_settings":{"template":"highway","default_image_id":0,"font":"","enabled":false},"version":2}},"categories":[21],"tags":[638,128,222],"class_list":["post-11143","post","type-post","status-publish","format-standard","hentry","category-informeci","tag-agenda2030","tag-ciencia","tag-comunicacaocientifica"],"jetpack_publicize_connections":[],"jetpack_featured_media_url":"","views":"","jetpack_sharing_enabled":true,"_links":{"self":[{"href":"https:\/\/www.pedroandretta.info\/index\/wp-json\/wp\/v2\/posts\/11143","targetHints":{"allow":["GET"]}}],"collection":[{"href":"https:\/\/www.pedroandretta.info\/index\/wp-json\/wp\/v2\/posts"}],"about":[{"href":"https:\/\/www.pedroandretta.info\/index\/wp-json\/wp\/v2\/types\/post"}],"author":[{"embeddable":true,"href":"https:\/\/www.pedroandretta.info\/index\/wp-json\/wp\/v2\/users\/1"}],"replies":[{"embeddable":true,"href":"https:\/\/www.pedroandretta.info\/index\/wp-json\/wp\/v2\/comments?post=11143"}],"version-history":[{"count":0,"href":"https:\/\/www.pedroandretta.info\/index\/wp-json\/wp\/v2\/posts\/11143\/revisions"}],"wp:attachment":[{"href":"https:\/\/www.pedroandretta.info\/index\/wp-json\/wp\/v2\/media?parent=11143"}],"wp:term":[{"taxonomy":"category","embeddable":true,"href":"https:\/\/www.pedroandretta.info\/index\/wp-json\/wp\/v2\/categories?post=11143"},{"taxonomy":"post_tag","embeddable":true,"href":"https:\/\/www.pedroandretta.info\/index\/wp-json\/wp\/v2\/tags?post=11143"}],"curies":[{"name":"wp","href":"https:\/\/api.w.org\/{rel}","templated":true}]}}