{"id":11150,"date":"2021-07-08T22:55:48","date_gmt":"2021-07-09T02:55:48","guid":{"rendered":"https:\/\/www.pedroandretta.info\/index\/?p=11150"},"modified":"2021-07-08T22:55:48","modified_gmt":"2021-07-09T02:55:48","slug":"historiando-a-biblioteconomia-repensando-a-periodizacao-de-seu-itinerario-l-a","status":"publish","type":"post","link":"https:\/\/www.pedroandretta.info\/index\/2021\/07\/historiando-a-biblioteconomia-repensando-a-periodizacao-de-seu-itinerario-l-a\/","title":{"rendered":"Historiando a Biblioteconomia: repensando a periodiza\u00e7\u00e3o de seu itiner\u00e1rio l \u201cA &#8230;"},"content":{"rendered":"<p>[ad_1]<\/p>\n<blockquote class=\"twitter-tweet\">\n<p lang=\"pt\" dir=\"ltr\">Historiando a Biblioteconomia: repensando a periodiza\u00e7\u00e3o de seu itiner\u00e1rio l \u201cA transi\u00e7\u00e3o da Biblioteconomia para o status de disciplina acad\u00eamica \u00e9 o evento mais relevante do impacto da modernidade neste campo.\u201d <a target=\"_blank\" href=\"https:\/\/twitter.com\/hashtag\/Biblioteconomia?src=hash&amp;ref_src=twsrc%5Etfw\" rel=\"noopener\">#Biblioteconomia<\/a> <a target=\"_blank\" href=\"https:\/\/twitter.com\/hashtag\/Hist%C3%B3riaDaBiblioteconomia?src=hash&amp;ref_src=twsrc%5Etfw\" rel=\"noopener\">#Hist\u00f3riaDaBiblioteconomia<\/a> <a target=\"_blank\" href=\"https:\/\/t.co\/6BVRxKaBqh\" rel=\"noopener\">https:\/\/t.co\/6BVRxKaBqh<\/a> <a target=\"_blank\" href=\"https:\/\/t.co\/Z6JHXDohYL\" rel=\"noopener\">pic.twitter.com\/Z6JHXDohYL<\/a><\/p>\n<p>&mdash; Pedro Andretta (@pedroisandretta) <a target=\"_blank\" href=\"https:\/\/twitter.com\/pedroisandretta\/status\/1413331019281862656?ref_src=twsrc%5Etfw\" rel=\"noopener\">July 9, 2021<\/a><\/p><\/blockquote>\n<p><script async src=\"https:\/\/platform.twitter.com\/widgets.js\" charset=\"utf-8\"><\/script><\/p>\n<p>[ad_2]<br \/>\n<br \/><a href=\"https:\/\/twitter.com\/pedroisandretta\/statuses\/1413331019281862656\">Fonte<\/a> : Projeto <a href=\"https:\/\/www.pedroandretta.info\/informeci\">Informe-CI<\/a><\/p>\n","protected":false},"excerpt":{"rendered":"<p>[ad_1] Historiando a Biblioteconomia: repensando a periodiza\u00e7\u00e3o de seu itiner\u00e1rio l \u201cA transi\u00e7\u00e3o da Biblioteconomia para o status de disciplina acad\u00eamica \u00e9 o evento mais relevante do impacto da modernidade neste campo.\u201d #Biblioteconomia #Hist\u00f3riaDaBiblioteconomia https:\/\/t.co\/6BVRxKaBqh pic.twitter.com\/Z6JHXDohYL &mdash; Pedro Andretta (@pedroisandretta) July 9, 2021 [ad_2] Fonte : Projeto Informe-CI<\/p>\n","protected":false},"author":1,"featured_media":11151,"comment_status":"open","ping_status":"open","sticky":false,"template":"","format":"standard","meta":{"_jetpack_memberships_contains_paid_content":false,"footnotes":"","jetpack_publicize_message":"","jetpack_publicize_feature_enabled":true,"jetpack_social_post_already_shared":false,"jetpack_social_options":{"image_generator_settings":{"template":"highway","default_image_id":0,"font":"","enabled":false},"version":2}},"categories":[21],"tags":[33,1330],"class_list":["post-11150","post","type-post","status-publish","format-standard","has-post-thumbnail","hentry","category-informeci","tag-biblioteconomia","tag-historiadabiblioteconomia"],"jetpack_publicize_connections":[],"jetpack_featured_media_url":"https:\/\/i0.wp.com\/www.pedroandretta.info\/index\/wp-content\/uploads\/2021\/07\/Historiando-a-Biblioteconomia-repensando-a-periodizacao-de-seu-itinerario-l.jpg?fit=640%2C956&ssl=1","views":"","jetpack_sharing_enabled":true,"_links":{"self":[{"href":"https:\/\/www.pedroandretta.info\/index\/wp-json\/wp\/v2\/posts\/11150","targetHints":{"allow":["GET"]}}],"collection":[{"href":"https:\/\/www.pedroandretta.info\/index\/wp-json\/wp\/v2\/posts"}],"about":[{"href":"https:\/\/www.pedroandretta.info\/index\/wp-json\/wp\/v2\/types\/post"}],"author":[{"embeddable":true,"href":"https:\/\/www.pedroandretta.info\/index\/wp-json\/wp\/v2\/users\/1"}],"replies":[{"embeddable":true,"href":"https:\/\/www.pedroandretta.info\/index\/wp-json\/wp\/v2\/comments?post=11150"}],"version-history":[{"count":0,"href":"https:\/\/www.pedroandretta.info\/index\/wp-json\/wp\/v2\/posts\/11150\/revisions"}],"wp:featuredmedia":[{"embeddable":true,"href":"https:\/\/www.pedroandretta.info\/index\/wp-json\/wp\/v2\/media\/11151"}],"wp:attachment":[{"href":"https:\/\/www.pedroandretta.info\/index\/wp-json\/wp\/v2\/media?parent=11150"}],"wp:term":[{"taxonomy":"category","embeddable":true,"href":"https:\/\/www.pedroandretta.info\/index\/wp-json\/wp\/v2\/categories?post=11150"},{"taxonomy":"post_tag","embeddable":true,"href":"https:\/\/www.pedroandretta.info\/index\/wp-json\/wp\/v2\/tags?post=11150"}],"curies":[{"name":"wp","href":"https:\/\/api.w.org\/{rel}","templated":true}]}}