{"id":11153,"date":"2021-07-08T22:31:16","date_gmt":"2021-07-09T02:31:16","guid":{"rendered":"https:\/\/www.pedroandretta.info\/index\/?p=11153"},"modified":"2025-04-28T15:49:19","modified_gmt":"2025-04-28T19:49:19","slug":"resolucao-cfb-no-240-de-30-de-junho-de-2021-l-dispoe-sobre-os-parametros-a-ser","status":"publish","type":"post","link":"https:\/\/www.pedroandretta.info\/index\/2021\/07\/resolucao-cfb-no-240-de-30-de-junho-de-2021-l-dispoe-sobre-os-parametros-a-ser\/","title":{"rendered":"Resolu\u00e7\u00e3o CFB n\u00ba 240, de 30 de junho de 2021 l \u201cDisp\u00f5e sobre os par\u00e2metros a ser&#8230;"},"content":{"rendered":"<p>[ad_1]<\/p>\n<blockquote class=\"twitter-tweet\">\n<p lang=\"pt\" dir=\"ltr\">Resolu\u00e7\u00e3o CFB n\u00ba 240, de 30 de junho de 2021 l \u201cDisp\u00f5e sobre os par\u00e2metros a serem adotados para a estrutura\u00e7\u00e3o e o funcionamento das bibliotecas digitais.\u201d <a target=\"_blank\" href=\"https:\/\/twitter.com\/hashtag\/BibliotecasDigitais?src=hash&amp;ref_src=twsrc%5Etfw\" rel=\"noopener\">#BibliotecasDigitais<\/a> <a target=\"_blank\" href=\"https:\/\/twitter.com\/hashtag\/Resolu%C3%A7%C3%B5es?src=hash&amp;ref_src=twsrc%5Etfw\" rel=\"noopener\">#Resolu\u00e7\u00f5es<\/a>  via DOU &#8211; Imprensa Nacional <a target=\"_blank\" href=\"https:\/\/t.co\/w4L44yXF5w\" rel=\"noopener\">https:\/\/t.co\/w4L44yXF5w<\/a><\/p>\n<p>&mdash; Pedro Andretta (@pedroisandretta) <a target=\"_blank\" href=\"https:\/\/twitter.com\/pedroisandretta\/status\/1413324847053250560?ref_src=twsrc%5Etfw\" rel=\"noopener\">July 9, 2021<\/a><\/p><\/blockquote>\n<p><script async src=\"https:\/\/platform.twitter.com\/widgets.js\" charset=\"utf-8\"><\/script><\/p>\n<p>[ad_2]<br \/>\n<br \/><a href=\"https:\/\/twitter.com\/pedroisandretta\/statuses\/1413324847053250560\">Fonte<\/a> : Projeto <a href=\"https:\/\/www.pedroandretta.info\/informeci\">Informe-CI<\/a><\/p>\n","protected":false},"excerpt":{"rendered":"<p>[ad_1] Resolu\u00e7\u00e3o CFB n\u00ba 240, de 30 de junho de 2021 l \u201cDisp\u00f5e sobre os par\u00e2metros a serem adotados para a estrutura\u00e7\u00e3o e o funcionamento das bibliotecas digitais.\u201d #BibliotecasDigitais #Resolu\u00e7\u00f5es via DOU &#8211; Imprensa Nacional https:\/\/t.co\/w4L44yXF5w &mdash; Pedro Andretta (@pedroisandretta) July 9, 2021 [ad_2] Fonte : Projeto Informe-CI<\/p>\n","protected":false},"author":1,"featured_media":0,"comment_status":"open","ping_status":"open","sticky":false,"template":"","format":"standard","meta":{"_jetpack_memberships_contains_paid_content":false,"footnotes":"","jetpack_publicize_message":"","jetpack_publicize_feature_enabled":true,"jetpack_social_post_already_shared":false,"jetpack_social_options":{"image_generator_settings":{"template":"highway","default_image_id":0,"font":"","enabled":false},"version":2}},"categories":[21],"tags":[376,628,2396],"class_list":["post-11153","post","type-post","status-publish","format-standard","hentry","category-informeci","tag-bibliotecasdigitais","tag-cfb","tag-resolucoes"],"jetpack_publicize_connections":[],"jetpack_featured_media_url":"","views":"","jetpack_sharing_enabled":true,"_links":{"self":[{"href":"https:\/\/www.pedroandretta.info\/index\/wp-json\/wp\/v2\/posts\/11153","targetHints":{"allow":["GET"]}}],"collection":[{"href":"https:\/\/www.pedroandretta.info\/index\/wp-json\/wp\/v2\/posts"}],"about":[{"href":"https:\/\/www.pedroandretta.info\/index\/wp-json\/wp\/v2\/types\/post"}],"author":[{"embeddable":true,"href":"https:\/\/www.pedroandretta.info\/index\/wp-json\/wp\/v2\/users\/1"}],"replies":[{"embeddable":true,"href":"https:\/\/www.pedroandretta.info\/index\/wp-json\/wp\/v2\/comments?post=11153"}],"version-history":[{"count":0,"href":"https:\/\/www.pedroandretta.info\/index\/wp-json\/wp\/v2\/posts\/11153\/revisions"}],"wp:attachment":[{"href":"https:\/\/www.pedroandretta.info\/index\/wp-json\/wp\/v2\/media?parent=11153"}],"wp:term":[{"taxonomy":"category","embeddable":true,"href":"https:\/\/www.pedroandretta.info\/index\/wp-json\/wp\/v2\/categories?post=11153"},{"taxonomy":"post_tag","embeddable":true,"href":"https:\/\/www.pedroandretta.info\/index\/wp-json\/wp\/v2\/tags?post=11153"}],"curies":[{"name":"wp","href":"https:\/\/api.w.org\/{rel}","templated":true}]}}