{"id":11228,"date":"2021-07-15T00:49:06","date_gmt":"2021-07-15T04:49:06","guid":{"rendered":"https:\/\/www.pedroandretta.info\/index\/?p=11228"},"modified":"2021-07-15T00:49:06","modified_gmt":"2021-07-15T04:49:06","slug":"qual-a-relacao-entre-ciencia-de-dados-e-biblioteconomia-l-quando-se-fa","status":"publish","type":"post","link":"https:\/\/www.pedroandretta.info\/index\/2021\/07\/qual-a-relacao-entre-ciencia-de-dados-e-biblioteconomia-l-quando-se-fa\/","title":{"rendered":"Qual a rela\u00e7\u00e3o entre Ci\u00eancia de Dados e #Biblioteconomia ? l \u201c[&#8230;] quando se fa&#8230;"},"content":{"rendered":"<p>[ad_1]<\/p>\n<blockquote class=\"twitter-tweet\">\n<p lang=\"pt\" dir=\"ltr\">Qual a rela\u00e7\u00e3o entre Ci\u00eancia de Dados e <a target=\"_blank\" href=\"https:\/\/twitter.com\/hashtag\/Biblioteconomia?src=hash&amp;ref_src=twsrc%5Etfw\" rel=\"noopener\">#Biblioteconomia<\/a> ? l \u201c[&#8230;] quando se fala de <a target=\"_blank\" href=\"https:\/\/twitter.com\/hashtag\/Bibliotec%C3%A1riosDeDados?src=hash&amp;ref_src=twsrc%5Etfw\" rel=\"noopener\">#Bibliotec\u00e1riosDeDados<\/a> , o assunto \u00e9 vinculado a e-Science [&#8230;]. Entretanto, a necessidade de gest\u00e3o de dados se faz essencial em todos os \u00e2mbitos \u201c via  Francisco Foz <a target=\"_blank\" href=\"https:\/\/t.co\/XfmQrYBr9E\" rel=\"noopener\">https:\/\/t.co\/XfmQrYBr9E<\/a><\/p>\n<p>&mdash; Pedro Andretta (@pedroisandretta) <a target=\"_blank\" href=\"https:\/\/twitter.com\/pedroisandretta\/status\/1415533860264239106?ref_src=twsrc%5Etfw\" rel=\"noopener\">July 15, 2021<\/a><\/p><\/blockquote>\n<p><script async src=\"https:\/\/platform.twitter.com\/widgets.js\" charset=\"utf-8\"><\/script><\/p>\n<p>[ad_2]<br \/>\n<br \/><a href=\"https:\/\/twitter.com\/pedroisandretta\/statuses\/1415533860264239106\">Fonte<\/a> : Projeto <a href=\"https:\/\/www.pedroandretta.info\/informeci\">Informe-CI<\/a><\/p>\n","protected":false},"excerpt":{"rendered":"<p>[ad_1] Qual a rela\u00e7\u00e3o entre Ci\u00eancia de Dados e #Biblioteconomia ? l \u201c[&#8230;] quando se fala de #Bibliotec\u00e1riosDeDados , o assunto \u00e9 vinculado a e-Science [&#8230;]. Entretanto, a necessidade de gest\u00e3o de dados se faz essencial em todos os \u00e2mbitos \u201c via Francisco Foz https:\/\/t.co\/XfmQrYBr9E &mdash; Pedro Andretta (@pedroisandretta) July 15, 2021 [ad_2] Fonte :<\/p><\/div>\n<div class=\"blog-btn\"><a href=\"https:\/\/www.pedroandretta.info\/index\/2021\/07\/qual-a-relacao-entre-ciencia-de-dados-e-biblioteconomia-l-quando-se-fa\/\" class=\"home-blog-btn\">Ler mais<\/a><\/p>\n","protected":false},"author":1,"featured_media":0,"comment_status":"open","ping_status":"open","sticky":false,"template":"","format":"standard","meta":{"_jetpack_memberships_contains_paid_content":false,"footnotes":"","jetpack_publicize_message":"","jetpack_publicize_feature_enabled":true,"jetpack_social_post_already_shared":true,"jetpack_social_options":{"image_generator_settings":{"template":"highway","default_image_id":0,"font":"","enabled":false},"version":2}},"categories":[21],"tags":[626,33],"class_list":["post-11228","post","type-post","status-publish","format-standard","hentry","category-informeci","tag-bibliotecariosdedados","tag-biblioteconomia"],"jetpack_publicize_connections":[],"jetpack_featured_media_url":"","views":"","jetpack_sharing_enabled":true,"_links":{"self":[{"href":"https:\/\/www.pedroandretta.info\/index\/wp-json\/wp\/v2\/posts\/11228","targetHints":{"allow":["GET"]}}],"collection":[{"href":"https:\/\/www.pedroandretta.info\/index\/wp-json\/wp\/v2\/posts"}],"about":[{"href":"https:\/\/www.pedroandretta.info\/index\/wp-json\/wp\/v2\/types\/post"}],"author":[{"embeddable":true,"href":"https:\/\/www.pedroandretta.info\/index\/wp-json\/wp\/v2\/users\/1"}],"replies":[{"embeddable":true,"href":"https:\/\/www.pedroandretta.info\/index\/wp-json\/wp\/v2\/comments?post=11228"}],"version-history":[{"count":0,"href":"https:\/\/www.pedroandretta.info\/index\/wp-json\/wp\/v2\/posts\/11228\/revisions"}],"wp:attachment":[{"href":"https:\/\/www.pedroandretta.info\/index\/wp-json\/wp\/v2\/media?parent=11228"}],"wp:term":[{"taxonomy":"category","embeddable":true,"href":"https:\/\/www.pedroandretta.info\/index\/wp-json\/wp\/v2\/categories?post=11228"},{"taxonomy":"post_tag","embeddable":true,"href":"https:\/\/www.pedroandretta.info\/index\/wp-json\/wp\/v2\/tags?post=11228"}],"curies":[{"name":"wp","href":"https:\/\/api.w.org\/{rel}","templated":true}]}}