{"id":11232,"date":"2021-07-15T16:58:15","date_gmt":"2021-07-15T20:58:15","guid":{"rendered":"https:\/\/www.pedroandretta.info\/index\/?p=11232"},"modified":"2021-07-15T16:58:15","modified_gmt":"2021-07-15T20:58:15","slug":"uso-de-emojis-no-twitter-atinge-maior-patamar-da-historia-lem-2021-ate-o-momen","status":"publish","type":"post","link":"https:\/\/www.pedroandretta.info\/index\/2021\/07\/uso-de-emojis-no-twitter-atinge-maior-patamar-da-historia-lem-2021-ate-o-momen\/","title":{"rendered":"Uso de emojis no Twitter atinge maior patamar da hist\u00f3ria l\u201cEm 2021, at\u00e9 o momen&#8230;"},"content":{"rendered":"<p>[ad_1]<\/p>\n<blockquote class=\"twitter-tweet\">\n<p lang=\"pt\" dir=\"ltr\">Uso de emojis no Twitter atinge maior patamar da hist\u00f3ria l\u201cEm 2021, at\u00e9 o momento, mais de um quinto de todos os tweets continham ao menos um dos mais de 3.500 <a target=\"_blank\" href=\"https:\/\/twitter.com\/hashtag\/emojis?src=hash&amp;ref_src=twsrc%5Etfw\" rel=\"noopener\">#emojis<\/a> dispon\u00edveis, continuando uma tend\u00eancia que vem desde o final de 2020\u201d via Olhar Digital <a target=\"_blank\" href=\"https:\/\/t.co\/MrGP9sWFLJ\" rel=\"noopener\">https:\/\/t.co\/MrGP9sWFLJ<\/a><\/p>\n<p>&mdash; Pedro Andretta (@pedroisandretta) <a target=\"_blank\" href=\"https:\/\/twitter.com\/pedroisandretta\/status\/1415777754562371586?ref_src=twsrc%5Etfw\" rel=\"noopener\">July 15, 2021<\/a><\/p><\/blockquote>\n<p><script async src=\"https:\/\/platform.twitter.com\/widgets.js\" charset=\"utf-8\"><\/script><\/p>\n<p>[ad_2]<br \/>\n<br \/><a href=\"https:\/\/twitter.com\/pedroisandretta\/statuses\/1415777754562371586\">Fonte<\/a> : Projeto <a href=\"https:\/\/www.pedroandretta.info\/informeci\">Informe-CI<\/a><\/p>\n","protected":false},"excerpt":{"rendered":"<p>[ad_1] Uso de emojis no Twitter atinge maior patamar da hist\u00f3ria l\u201cEm 2021, at\u00e9 o momento, mais de um quinto de todos os tweets continham ao menos um dos mais de 3.500 #emojis dispon\u00edveis, continuando uma tend\u00eancia que vem desde o final de 2020\u201d via Olhar Digital https:\/\/t.co\/MrGP9sWFLJ &mdash; Pedro Andretta (@pedroisandretta) July 15, 2021<\/p><\/div>\n<div class=\"blog-btn\"><a href=\"https:\/\/www.pedroandretta.info\/index\/2021\/07\/uso-de-emojis-no-twitter-atinge-maior-patamar-da-historia-lem-2021-ate-o-momen\/\" class=\"home-blog-btn\">Ler mais<\/a><\/p>\n","protected":false},"author":1,"featured_media":0,"comment_status":"open","ping_status":"open","sticky":false,"template":"","format":"standard","meta":{"_jetpack_memberships_contains_paid_content":false,"footnotes":"","jetpack_publicize_message":"","jetpack_publicize_feature_enabled":true,"jetpack_social_post_already_shared":true,"jetpack_social_options":{"image_generator_settings":{"template":"highway","default_image_id":0,"font":"","enabled":false},"version":2}},"categories":[21],"tags":[2343],"class_list":["post-11232","post","type-post","status-publish","format-standard","hentry","category-informeci","tag-emoji"],"jetpack_publicize_connections":[],"jetpack_featured_media_url":"","views":"","jetpack_sharing_enabled":true,"_links":{"self":[{"href":"https:\/\/www.pedroandretta.info\/index\/wp-json\/wp\/v2\/posts\/11232","targetHints":{"allow":["GET"]}}],"collection":[{"href":"https:\/\/www.pedroandretta.info\/index\/wp-json\/wp\/v2\/posts"}],"about":[{"href":"https:\/\/www.pedroandretta.info\/index\/wp-json\/wp\/v2\/types\/post"}],"author":[{"embeddable":true,"href":"https:\/\/www.pedroandretta.info\/index\/wp-json\/wp\/v2\/users\/1"}],"replies":[{"embeddable":true,"href":"https:\/\/www.pedroandretta.info\/index\/wp-json\/wp\/v2\/comments?post=11232"}],"version-history":[{"count":0,"href":"https:\/\/www.pedroandretta.info\/index\/wp-json\/wp\/v2\/posts\/11232\/revisions"}],"wp:attachment":[{"href":"https:\/\/www.pedroandretta.info\/index\/wp-json\/wp\/v2\/media?parent=11232"}],"wp:term":[{"taxonomy":"category","embeddable":true,"href":"https:\/\/www.pedroandretta.info\/index\/wp-json\/wp\/v2\/categories?post=11232"},{"taxonomy":"post_tag","embeddable":true,"href":"https:\/\/www.pedroandretta.info\/index\/wp-json\/wp\/v2\/tags?post=11232"}],"curies":[{"name":"wp","href":"https:\/\/api.w.org\/{rel}","templated":true}]}}