{"id":11233,"date":"2021-07-15T17:07:30","date_gmt":"2021-07-15T21:07:30","guid":{"rendered":"https:\/\/www.pedroandretta.info\/index\/?p=11233"},"modified":"2021-07-15T17:07:30","modified_gmt":"2021-07-15T21:07:30","slug":"centro-brasileiro-de-pesquisa-aplicada-a-primeira-infancia-l-o-cpapi-busca-dar","status":"publish","type":"post","link":"https:\/\/www.pedroandretta.info\/index\/2021\/07\/centro-brasileiro-de-pesquisa-aplicada-a-primeira-infancia-l-o-cpapi-busca-dar\/","title":{"rendered":"Centro Brasileiro de Pesquisa Aplicada \u00e0 Primeira Inf\u00e2ncia l O CPAPI, busca dar &#8230;"},"content":{"rendered":"<p>[ad_1]<\/p>\n<blockquote class=\"twitter-tweet\">\n<p lang=\"pt\" dir=\"ltr\">Centro Brasileiro de Pesquisa Aplicada \u00e0 Primeira Inf\u00e2ncia l O CPAPI, busca dar base \u00e0s pol\u00edticas p\u00fablicas baseadas em evid\u00eancias cient\u00edficas para promover o desenvolvimento sadio e pleno das crian\u00e7as de 0 a 6 anos de idade. <a target=\"_blank\" href=\"https:\/\/twitter.com\/hashtag\/Newsletters?src=hash&amp;ref_src=twsrc%5Etfw\" rel=\"noopener\">#Newsletters<\/a> <a target=\"_blank\" href=\"https:\/\/twitter.com\/hashtag\/PrimeiraInf%C3%A2ncia?src=hash&amp;ref_src=twsrc%5Etfw\" rel=\"noopener\">#PrimeiraInf\u00e2ncia<\/a>  <a target=\"_blank\" href=\"https:\/\/t.co\/1H1FtPGyNq\" rel=\"noopener\">https:\/\/t.co\/1H1FtPGyNq<\/a><\/p>\n<p>&mdash; Pedro Andretta (@pedroisandretta) <a target=\"_blank\" href=\"https:\/\/twitter.com\/pedroisandretta\/status\/1415780083466387465?ref_src=twsrc%5Etfw\" rel=\"noopener\">July 15, 2021<\/a><\/p><\/blockquote>\n<p><script async src=\"https:\/\/platform.twitter.com\/widgets.js\" charset=\"utf-8\"><\/script><\/p>\n<p>[ad_2]<br \/>\n<br \/><a href=\"https:\/\/twitter.com\/pedroisandretta\/statuses\/1415780083466387465\">Fonte<\/a> : Projeto <a href=\"https:\/\/www.pedroandretta.info\/informeci\">Informe-CI<\/a><\/p>\n","protected":false},"excerpt":{"rendered":"<p>[ad_1] Centro Brasileiro de Pesquisa Aplicada \u00e0 Primeira Inf\u00e2ncia l O CPAPI, busca dar base \u00e0s pol\u00edticas p\u00fablicas baseadas em evid\u00eancias cient\u00edficas para promover o desenvolvimento sadio e pleno das crian\u00e7as de 0 a 6 anos de idade. #Newsletters #PrimeiraInf\u00e2ncia https:\/\/t.co\/1H1FtPGyNq &mdash; Pedro Andretta (@pedroisandretta) July 15, 2021 [ad_2] Fonte : Projeto Informe-CI<\/p>\n","protected":false},"author":1,"featured_media":0,"comment_status":"open","ping_status":"open","sticky":false,"template":"","format":"standard","meta":{"_jetpack_memberships_contains_paid_content":false,"footnotes":"","jetpack_publicize_message":"","jetpack_publicize_feature_enabled":true,"jetpack_social_post_already_shared":true,"jetpack_social_options":{"image_generator_settings":{"template":"highway","default_image_id":0,"font":"","enabled":false},"version":2}},"categories":[21],"tags":[1167,1613],"class_list":["post-11233","post","type-post","status-publish","format-standard","hentry","category-informeci","tag-newsletters","tag-primeirainfancia"],"jetpack_publicize_connections":[],"jetpack_featured_media_url":"","views":"","jetpack_sharing_enabled":true,"_links":{"self":[{"href":"https:\/\/www.pedroandretta.info\/index\/wp-json\/wp\/v2\/posts\/11233","targetHints":{"allow":["GET"]}}],"collection":[{"href":"https:\/\/www.pedroandretta.info\/index\/wp-json\/wp\/v2\/posts"}],"about":[{"href":"https:\/\/www.pedroandretta.info\/index\/wp-json\/wp\/v2\/types\/post"}],"author":[{"embeddable":true,"href":"https:\/\/www.pedroandretta.info\/index\/wp-json\/wp\/v2\/users\/1"}],"replies":[{"embeddable":true,"href":"https:\/\/www.pedroandretta.info\/index\/wp-json\/wp\/v2\/comments?post=11233"}],"version-history":[{"count":0,"href":"https:\/\/www.pedroandretta.info\/index\/wp-json\/wp\/v2\/posts\/11233\/revisions"}],"wp:attachment":[{"href":"https:\/\/www.pedroandretta.info\/index\/wp-json\/wp\/v2\/media?parent=11233"}],"wp:term":[{"taxonomy":"category","embeddable":true,"href":"https:\/\/www.pedroandretta.info\/index\/wp-json\/wp\/v2\/categories?post=11233"},{"taxonomy":"post_tag","embeddable":true,"href":"https:\/\/www.pedroandretta.info\/index\/wp-json\/wp\/v2\/tags?post=11233"}],"curies":[{"name":"wp","href":"https:\/\/api.w.org\/{rel}","templated":true}]}}