{"id":11280,"date":"2021-07-19T17:49:49","date_gmt":"2021-07-19T21:49:49","guid":{"rendered":"https:\/\/www.pedroandretta.info\/index\/?p=11280"},"modified":"2021-07-20T12:10:47","modified_gmt":"2021-07-20T16:10:47","slug":"apos-exito-no-ceara-imposto-da-educacao-e-adotado-em-8-estados-lestados-que","status":"publish","type":"post","link":"https:\/\/www.pedroandretta.info\/index\/2021\/07\/apos-exito-no-ceara-imposto-da-educacao-e-adotado-em-8-estados-lestados-que\/","title":{"rendered":"Ap\u00f3s \u00eaxito no Cear\u00e1, &#8216;imposto da educa\u00e7\u00e3o&#8217; \u00e9 adotado em 8 estados l\n&#8220;Estados que&#8230;"},"content":{"rendered":"<p>[ad_1]<br \/>\n<img data-recalc-dims=\"1\" decoding=\"async\" src=\"https:\/\/i0.wp.com\/www.pedroandretta.info\/index\/wp-content\/uploads\/2021\/07\/Apos-exito-no-Ceara-imposto-da-educacao-e-adotado-em.jpg?w=696&#038;ssl=1\" \/><\/p>\n<blockquote class=\"twitter-tweet\">\n<p dir=\"ltr\" lang=\"pt\">Ap\u00f3s \u00eaxito no Cear\u00e1, &#8216;imposto da educa\u00e7\u00e3o&#8217; \u00e9 adotado em 8 estados l<br \/>\n&#8220;Estados que j\u00e1 aprovaram leis que vinculam ICMS a educa\u00e7\u00e3o:<br \/>\nAcre,<br \/>\nAlagoas,<br \/>\nAmap\u00e1,<br \/>\nCear\u00e1,<br \/>\nEsp\u00edrito Santo,<br \/>\nPernambuco,<br \/>\nPiau\u00ed,<br \/>\nMato Grosso do Sul e<br \/>\nSergipe\u200b&#8221; <a href=\"https:\/\/twitter.com\/hashtag\/Educa%C3%A7%C3%A3o?src=hash&amp;ref_src=twsrc%5Etfw\" target=\"_blank\" rel=\"noopener\">#Educa\u00e7\u00e3o<\/a> <a href=\"https:\/\/twitter.com\/hashtag\/CE?src=hash&amp;ref_src=twsrc%5Etfw\" target=\"_blank\" rel=\"noopener\">#CE<\/a> via Folha <a href=\"https:\/\/t.co\/fsDgufWlaC\" target=\"_blank\" rel=\"noopener\">https:\/\/t.co\/fsDgufWlaC<\/a><\/p>\n<p>\u2014 Pedro Andretta (@pedroisandretta) <a href=\"https:\/\/twitter.com\/pedroisandretta\/status\/1417240283071320065?ref_src=twsrc%5Etfw\" target=\"_blank\" rel=\"noopener\">July 19, 2021<\/a><\/p><\/blockquote>\n<p><script async=\"\" src=\"https:\/\/platform.twitter.com\/widgets.js\" charset=\"utf-8\"><\/script><\/p>\n<p>[ad_2]<\/p>\n<p><a href=\"https:\/\/twitter.com\/pedroisandretta\/statuses\/1417240283071320065\">Fonte<\/a> : Projeto <a href=\"https:\/\/www.pedroandretta.info\/informeci\">Informe-CI<\/a><\/p>\n","protected":false},"excerpt":{"rendered":"<p>[ad_1] Ap\u00f3s \u00eaxito no Cear\u00e1, &#8216;imposto da educa\u00e7\u00e3o&#8217; \u00e9 adotado em 8 estados l &#8220;Estados que j\u00e1 aprovaram leis que vinculam ICMS a educa\u00e7\u00e3o: Acre, Alagoas, Amap\u00e1, Cear\u00e1, Esp\u00edrito Santo, Pernambuco, Piau\u00ed, Mato Grosso do Sul e Sergipe\u200b&#8221; #Educa\u00e7\u00e3o #CE via Folha https:\/\/t.co\/fsDgufWlaC \u2014 Pedro Andretta (@pedroisandretta) July 19, 2021 [ad_2] Fonte : Projeto Informe-CI<\/p>\n","protected":false},"author":1,"featured_media":11281,"comment_status":"open","ping_status":"open","sticky":false,"template":"","format":"standard","meta":{"_jetpack_memberships_contains_paid_content":false,"footnotes":"","jetpack_publicize_message":"","jetpack_publicize_feature_enabled":true,"jetpack_social_post_already_shared":true,"jetpack_social_options":{"image_generator_settings":{"template":"highway","default_image_id":0,"font":"","enabled":false},"version":2}},"categories":[21],"tags":[2438,45],"class_list":["post-11280","post","type-post","status-publish","format-standard","has-post-thumbnail","hentry","category-informeci","tag-ce","tag-educacao"],"jetpack_publicize_connections":[],"jetpack_featured_media_url":"https:\/\/i0.wp.com\/www.pedroandretta.info\/index\/wp-content\/uploads\/2021\/07\/Apos-exito-no-Ceara-imposto-da-educacao-e-adotado-em.jpg?fit=2400%2C1600&ssl=1","views":"","jetpack_sharing_enabled":true,"_links":{"self":[{"href":"https:\/\/www.pedroandretta.info\/index\/wp-json\/wp\/v2\/posts\/11280","targetHints":{"allow":["GET"]}}],"collection":[{"href":"https:\/\/www.pedroandretta.info\/index\/wp-json\/wp\/v2\/posts"}],"about":[{"href":"https:\/\/www.pedroandretta.info\/index\/wp-json\/wp\/v2\/types\/post"}],"author":[{"embeddable":true,"href":"https:\/\/www.pedroandretta.info\/index\/wp-json\/wp\/v2\/users\/1"}],"replies":[{"embeddable":true,"href":"https:\/\/www.pedroandretta.info\/index\/wp-json\/wp\/v2\/comments?post=11280"}],"version-history":[{"count":0,"href":"https:\/\/www.pedroandretta.info\/index\/wp-json\/wp\/v2\/posts\/11280\/revisions"}],"wp:featuredmedia":[{"embeddable":true,"href":"https:\/\/www.pedroandretta.info\/index\/wp-json\/wp\/v2\/media\/11281"}],"wp:attachment":[{"href":"https:\/\/www.pedroandretta.info\/index\/wp-json\/wp\/v2\/media?parent=11280"}],"wp:term":[{"taxonomy":"category","embeddable":true,"href":"https:\/\/www.pedroandretta.info\/index\/wp-json\/wp\/v2\/categories?post=11280"},{"taxonomy":"post_tag","embeddable":true,"href":"https:\/\/www.pedroandretta.info\/index\/wp-json\/wp\/v2\/tags?post=11280"}],"curies":[{"name":"wp","href":"https:\/\/api.w.org\/{rel}","templated":true}]}}