{"id":11282,"date":"2021-07-19T17:54:36","date_gmt":"2021-07-19T21:54:36","guid":{"rendered":"https:\/\/www.pedroandretta.info\/index\/?p=11282"},"modified":"2021-07-19T17:54:36","modified_gmt":"2021-07-19T21:54:36","slug":"desinformacao-qual-o-valor-da-verdade-l-bloquear-ou-deixar-de-participar-nas","status":"publish","type":"post","link":"https:\/\/www.pedroandretta.info\/index\/2021\/07\/desinformacao-qual-o-valor-da-verdade-l-bloquear-ou-deixar-de-participar-nas\/","title":{"rendered":"Desinforma\u00e7\u00e3o: qual o valor da verdade? l &#8220;Bloquear ou deixar de participar nas &#8230;"},"content":{"rendered":"<p>[ad_1]<\/p>\n<blockquote class=\"twitter-tweet\">\n<p lang=\"pt\" dir=\"ltr\">Desinforma\u00e7\u00e3o: qual o valor da verdade? l &quot;Bloquear ou deixar de participar nas redes sociais pode resolver o problema ao n\u00edvel individual, mas n\u00e3o resolve o problema ao n\u00edvel social.&quot; diz Sara Pereira. <a target=\"_blank\" href=\"https:\/\/twitter.com\/hashtag\/Desinforma%C3%A7%C3%A3o?src=hash&amp;ref_src=twsrc%5Etfw\" rel=\"noopener\">#Desinforma\u00e7\u00e3o<\/a> <a target=\"_blank\" href=\"https:\/\/twitter.com\/hashtag\/Educa%C3%A7%C3%A3oMidi%C3%A1tica?src=hash&amp;ref_src=twsrc%5Etfw\" rel=\"noopener\">#Educa\u00e7\u00e3oMidi\u00e1tica<\/a> via Educare <a target=\"_blank\" href=\"https:\/\/t.co\/EIkSbOlANb\" rel=\"noopener\">https:\/\/t.co\/EIkSbOlANb<\/a><\/p>\n<p>&mdash; Pedro Andretta (@pedroisandretta) <a target=\"_blank\" href=\"https:\/\/twitter.com\/pedroisandretta\/status\/1417241487755071491?ref_src=twsrc%5Etfw\" rel=\"noopener\">July 19, 2021<\/a><\/p><\/blockquote>\n<p><script async src=\"https:\/\/platform.twitter.com\/widgets.js\" charset=\"utf-8\"><\/script><\/p>\n<p>[ad_2]<br \/>\n<br \/><a href=\"https:\/\/twitter.com\/pedroisandretta\/statuses\/1417241487755071491\">Fonte<\/a> : Projeto <a href=\"https:\/\/www.pedroandretta.info\/informeci\">Informe-CI<\/a><\/p>\n","protected":false},"excerpt":{"rendered":"<p>[ad_1] Desinforma\u00e7\u00e3o: qual o valor da verdade? l &quot;Bloquear ou deixar de participar nas redes sociais pode resolver o problema ao n\u00edvel individual, mas n\u00e3o resolve o problema ao n\u00edvel social.&quot; diz Sara Pereira. #Desinforma\u00e7\u00e3o #Educa\u00e7\u00e3oMidi\u00e1tica via Educare https:\/\/t.co\/EIkSbOlANb &mdash; Pedro Andretta (@pedroisandretta) July 19, 2021 [ad_2] Fonte : Projeto Informe-CI<\/p>\n","protected":false},"author":1,"featured_media":0,"comment_status":"open","ping_status":"open","sticky":false,"template":"","format":"standard","meta":{"_jetpack_memberships_contains_paid_content":false,"footnotes":"","jetpack_publicize_message":"","jetpack_publicize_feature_enabled":true,"jetpack_social_post_already_shared":true,"jetpack_social_options":{"image_generator_settings":{"template":"highway","default_image_id":0,"font":"","enabled":false},"version":2}},"categories":[21],"tags":[142,426],"class_list":["post-11282","post","type-post","status-publish","format-standard","hentry","category-informeci","tag-desinformacao","tag-educacaomidiatica"],"jetpack_publicize_connections":[],"jetpack_featured_media_url":"","views":"","jetpack_sharing_enabled":true,"_links":{"self":[{"href":"https:\/\/www.pedroandretta.info\/index\/wp-json\/wp\/v2\/posts\/11282","targetHints":{"allow":["GET"]}}],"collection":[{"href":"https:\/\/www.pedroandretta.info\/index\/wp-json\/wp\/v2\/posts"}],"about":[{"href":"https:\/\/www.pedroandretta.info\/index\/wp-json\/wp\/v2\/types\/post"}],"author":[{"embeddable":true,"href":"https:\/\/www.pedroandretta.info\/index\/wp-json\/wp\/v2\/users\/1"}],"replies":[{"embeddable":true,"href":"https:\/\/www.pedroandretta.info\/index\/wp-json\/wp\/v2\/comments?post=11282"}],"version-history":[{"count":0,"href":"https:\/\/www.pedroandretta.info\/index\/wp-json\/wp\/v2\/posts\/11282\/revisions"}],"wp:attachment":[{"href":"https:\/\/www.pedroandretta.info\/index\/wp-json\/wp\/v2\/media?parent=11282"}],"wp:term":[{"taxonomy":"category","embeddable":true,"href":"https:\/\/www.pedroandretta.info\/index\/wp-json\/wp\/v2\/categories?post=11282"},{"taxonomy":"post_tag","embeddable":true,"href":"https:\/\/www.pedroandretta.info\/index\/wp-json\/wp\/v2\/tags?post=11282"}],"curies":[{"name":"wp","href":"https:\/\/api.w.org\/{rel}","templated":true}]}}