{"id":11298,"date":"2021-07-19T21:24:24","date_gmt":"2021-07-20T01:24:24","guid":{"rendered":"https:\/\/www.pedroandretta.info\/index\/?p=11298"},"modified":"2021-07-19T21:24:24","modified_gmt":"2021-07-20T01:24:24","slug":"uma-chamada-para-cuidar-das-bibliotecas-publicas-l-uma-biblioteca-e-democratiza","status":"publish","type":"post","link":"https:\/\/www.pedroandretta.info\/index\/2021\/07\/uma-chamada-para-cuidar-das-bibliotecas-publicas-l-uma-biblioteca-e-democratiza\/","title":{"rendered":"Uma chamada para cuidar das bibliotecas p\u00fablicas l \u201cUma biblioteca \u00e9 democratiza&#8230;"},"content":{"rendered":"<p>[ad_1]<\/p>\n<blockquote class=\"twitter-tweet\">\n<p lang=\"pt\" dir=\"ltr\">Uma chamada para cuidar das bibliotecas p\u00fablicas l \u201cUma biblioteca \u00e9 democratizante: n\u00e3o importa quem sejamos, temos acesso \u00e0 leitura, a biblioteca n\u00e3o discrimina.\u201d diz escritora Karin Slaughter  <a target=\"_blank\" href=\"https:\/\/twitter.com\/hashtag\/SaveTheLibraries?src=hash&amp;ref_src=twsrc%5Etfw\" rel=\"noopener\">#SaveTheLibraries<\/a>  <a target=\"_blank\" href=\"https:\/\/twitter.com\/hashtag\/BibliotecasP%C3%BAblicas?src=hash&amp;ref_src=twsrc%5Etfw\" rel=\"noopener\">#BibliotecasP\u00fablicas<\/a>  via <a target=\"_blank\" href=\"https:\/\/twitter.com\/sbibliotecario?ref_src=twsrc%5Etfw\" rel=\"noopener\">@sbibliotecario<\/a> <a target=\"_blank\" href=\"https:\/\/t.co\/WJtox2qzC0\" rel=\"noopener\">https:\/\/t.co\/WJtox2qzC0<\/a><\/p>\n<p>&mdash; Pedro Andretta (@pedroisandretta) <a target=\"_blank\" href=\"https:\/\/twitter.com\/pedroisandretta\/status\/1417294284185874434?ref_src=twsrc%5Etfw\" rel=\"noopener\">July 20, 2021<\/a><\/p><\/blockquote>\n<p><script async src=\"https:\/\/platform.twitter.com\/widgets.js\" charset=\"utf-8\"><\/script><\/p>\n<p>[ad_2]<br \/>\n<br \/><a href=\"https:\/\/twitter.com\/pedroisandretta\/statuses\/1417294284185874434\">Fonte<\/a> : Projeto <a href=\"https:\/\/www.pedroandretta.info\/informeci\">Informe-CI<\/a><\/p>\n","protected":false},"excerpt":{"rendered":"<p>[ad_1] Uma chamada para cuidar das bibliotecas p\u00fablicas l \u201cUma biblioteca \u00e9 democratizante: n\u00e3o importa quem sejamos, temos acesso \u00e0 leitura, a biblioteca n\u00e3o discrimina.\u201d diz escritora Karin Slaughter #SaveTheLibraries #BibliotecasP\u00fablicas via @sbibliotecario https:\/\/t.co\/WJtox2qzC0 &mdash; Pedro Andretta (@pedroisandretta) July 20, 2021 [ad_2] Fonte : Projeto Informe-CI<\/p>\n","protected":false},"author":1,"featured_media":0,"comment_status":"open","ping_status":"open","sticky":false,"template":"","format":"standard","meta":{"_jetpack_memberships_contains_paid_content":false,"footnotes":"","jetpack_publicize_message":"","jetpack_publicize_feature_enabled":true,"jetpack_social_post_already_shared":true,"jetpack_social_options":{"image_generator_settings":{"template":"highway","default_image_id":0,"font":"","enabled":false},"version":2}},"categories":[21],"tags":[39,2437],"class_list":["post-11298","post","type-post","status-publish","format-standard","hentry","category-informeci","tag-bibliotecaspublicas","tag-savethelibraries"],"jetpack_publicize_connections":[],"jetpack_featured_media_url":"","views":"","jetpack_sharing_enabled":true,"_links":{"self":[{"href":"https:\/\/www.pedroandretta.info\/index\/wp-json\/wp\/v2\/posts\/11298","targetHints":{"allow":["GET"]}}],"collection":[{"href":"https:\/\/www.pedroandretta.info\/index\/wp-json\/wp\/v2\/posts"}],"about":[{"href":"https:\/\/www.pedroandretta.info\/index\/wp-json\/wp\/v2\/types\/post"}],"author":[{"embeddable":true,"href":"https:\/\/www.pedroandretta.info\/index\/wp-json\/wp\/v2\/users\/1"}],"replies":[{"embeddable":true,"href":"https:\/\/www.pedroandretta.info\/index\/wp-json\/wp\/v2\/comments?post=11298"}],"version-history":[{"count":0,"href":"https:\/\/www.pedroandretta.info\/index\/wp-json\/wp\/v2\/posts\/11298\/revisions"}],"wp:attachment":[{"href":"https:\/\/www.pedroandretta.info\/index\/wp-json\/wp\/v2\/media?parent=11298"}],"wp:term":[{"taxonomy":"category","embeddable":true,"href":"https:\/\/www.pedroandretta.info\/index\/wp-json\/wp\/v2\/categories?post=11298"},{"taxonomy":"post_tag","embeddable":true,"href":"https:\/\/www.pedroandretta.info\/index\/wp-json\/wp\/v2\/tags?post=11298"}],"curies":[{"name":"wp","href":"https:\/\/api.w.org\/{rel}","templated":true}]}}