{"id":11301,"date":"2021-07-19T21:24:05","date_gmt":"2021-07-20T01:24:05","guid":{"rendered":"https:\/\/www.pedroandretta.info\/index\/?p=11301"},"modified":"2021-07-19T21:24:05","modified_gmt":"2021-07-20T01:24:05","slug":"edicao-da-prefacio-da-universidad-nacional-de-cordoba-l-bibliotecarios-tecnol","status":"publish","type":"post","link":"https:\/\/www.pedroandretta.info\/index\/2021\/07\/edicao-da-prefacio-da-universidad-nacional-de-cordoba-l-bibliotecarios-tecnol\/","title":{"rendered":"Edi\u00e7\u00e3o da Prefacio, da Universidad Nacional de C\u00f3rdoba l #Bibliotec\u00e1rios #Tecnol&#8230;"},"content":{"rendered":"<p>[ad_1]<\/p>\n<blockquote class=\"twitter-tweet\">\n<p lang=\"pt\" dir=\"ltr\">Edi\u00e7\u00e3o da Prefacio, da Universidad Nacional de C\u00f3rdoba l <a target=\"_blank\" href=\"https:\/\/twitter.com\/hashtag\/Bibliotec%C3%A1rios?src=hash&amp;ref_src=twsrc%5Etfw\" rel=\"noopener\">#Bibliotec\u00e1rios<\/a> <a target=\"_blank\" href=\"https:\/\/twitter.com\/hashtag\/TecnologiasDigitais?src=hash&amp;ref_src=twsrc%5Etfw\" rel=\"noopener\">#TecnologiasDigitais<\/a>  <a target=\"_blank\" href=\"https:\/\/twitter.com\/hashtag\/Administra%C3%A7%C3%A3oP%C3%BAblica?src=hash&amp;ref_src=twsrc%5Etfw\" rel=\"noopener\">#Administra\u00e7\u00e3oP\u00fablica<\/a> <a target=\"_blank\" href=\"https:\/\/twitter.com\/hashtag\/Preserva%C3%A7%C3%A3oDigital?src=hash&amp;ref_src=twsrc%5Etfw\" rel=\"noopener\">#Preserva\u00e7\u00e3oDigital<\/a> <a target=\"_blank\" href=\"https:\/\/twitter.com\/hashtag\/Forma%C3%A7%C3%A3oDeLeitores?src=hash&amp;ref_src=twsrc%5Etfw\" rel=\"noopener\">#Forma\u00e7\u00e3oDeLeitores<\/a>  <a target=\"_blank\" href=\"https:\/\/twitter.com\/hashtag\/Biblioclastia?src=hash&amp;ref_src=twsrc%5Etfw\" rel=\"noopener\">#Biblioclastia<\/a> . <a target=\"_blank\" href=\"https:\/\/twitter.com\/hashtag\/Entrevista?src=hash&amp;ref_src=twsrc%5Etfw\" rel=\"noopener\">#Entrevista<\/a> com Mar\u00eda Teresa Andruetto sobre leitura e bibliotecas. <a target=\"_blank\" href=\"https:\/\/twitter.com\/hashtag\/RevistasCI?src=hash&amp;ref_src=twsrc%5Etfw\" rel=\"noopener\">#RevistasCI<\/a> <a target=\"_blank\" href=\"https:\/\/t.co\/nufel39gRE\" rel=\"noopener\">https:\/\/t.co\/nufel39gRE<\/a><\/p>\n<p>&mdash; Pedro Andretta (@pedroisandretta) <a target=\"_blank\" href=\"https:\/\/twitter.com\/pedroisandretta\/status\/1417294208088616961?ref_src=twsrc%5Etfw\" rel=\"noopener\">July 20, 2021<\/a><\/p><\/blockquote>\n<p><script async src=\"https:\/\/platform.twitter.com\/widgets.js\" charset=\"utf-8\"><\/script><\/p>\n<p>[ad_2]<br \/>\n<br \/><a href=\"https:\/\/twitter.com\/pedroisandretta\/statuses\/1417294208088616961\">Fonte<\/a> : Projeto <a href=\"https:\/\/www.pedroandretta.info\/informeci\">Informe-CI<\/a><\/p>\n","protected":false},"excerpt":{"rendered":"<p>[ad_1] Edi\u00e7\u00e3o da Prefacio, da Universidad Nacional de C\u00f3rdoba l #Bibliotec\u00e1rios #TecnologiasDigitais #Administra\u00e7\u00e3oP\u00fablica #Preserva\u00e7\u00e3oDigital #Forma\u00e7\u00e3oDeLeitores #Biblioclastia . #Entrevista com Mar\u00eda Teresa Andruetto sobre leitura e bibliotecas. #RevistasCI https:\/\/t.co\/nufel39gRE &mdash; Pedro Andretta (@pedroisandretta) July 20, 2021 [ad_2] Fonte : Projeto Informe-CI<\/p>\n","protected":false},"author":1,"featured_media":0,"comment_status":"open","ping_status":"open","sticky":false,"template":"","format":"standard","meta":{"_jetpack_newsletter_access":"","_jetpack_dont_email_post_to_subs":false,"_jetpack_newsletter_tier_id":0,"_jetpack_memberships_contains_paywalled_content":false,"_jetpack_feature_clip_id":0,"_jetpack_memberships_contains_paid_content":false,"footnotes":"","jetpack_publicize_message":"","jetpack_publicize_feature_enabled":true,"jetpack_social_post_already_shared":true,"jetpack_social_options":{"image_generator_settings":{"template":"highway","default_image_id":0,"font":"","enabled":false},"version":2},"jetpack_post_was_ever_published":false},"categories":[21],"tags":[893,2315,22,601,922,296,196,551],"class_list":["post-11301","post","type-post","status-publish","format-standard","hentry","category-informeci","tag-administracaopublica","tag-biblioclastia","tag-bibliotecarios","tag-entrevista","tag-formacaodeleitores","tag-preservacaodigital","tag-revistasci","tag-tecnologiasdigitais"],"jetpack_publicize_connections":[],"jetpack_featured_media_url":"","views":"","jetpack_sharing_enabled":true,"_links":{"self":[{"href":"https:\/\/www.pedroandretta.info\/index\/wp-json\/wp\/v2\/posts\/11301","targetHints":{"allow":["GET"]}}],"collection":[{"href":"https:\/\/www.pedroandretta.info\/index\/wp-json\/wp\/v2\/posts"}],"about":[{"href":"https:\/\/www.pedroandretta.info\/index\/wp-json\/wp\/v2\/types\/post"}],"author":[{"embeddable":true,"href":"https:\/\/www.pedroandretta.info\/index\/wp-json\/wp\/v2\/users\/1"}],"replies":[{"embeddable":true,"href":"https:\/\/www.pedroandretta.info\/index\/wp-json\/wp\/v2\/comments?post=11301"}],"version-history":[{"count":0,"href":"https:\/\/www.pedroandretta.info\/index\/wp-json\/wp\/v2\/posts\/11301\/revisions"}],"wp:attachment":[{"href":"https:\/\/www.pedroandretta.info\/index\/wp-json\/wp\/v2\/media?parent=11301"}],"wp:term":[{"taxonomy":"category","embeddable":true,"href":"https:\/\/www.pedroandretta.info\/index\/wp-json\/wp\/v2\/categories?post=11301"},{"taxonomy":"post_tag","embeddable":true,"href":"https:\/\/www.pedroandretta.info\/index\/wp-json\/wp\/v2\/tags?post=11301"}],"curies":[{"name":"wp","href":"https:\/\/api.w.org\/{rel}","templated":true}]}}