{"id":11308,"date":"2021-07-20T17:33:32","date_gmt":"2021-07-20T21:33:32","guid":{"rendered":"https:\/\/www.pedroandretta.info\/index\/?p=11308"},"modified":"2021-07-20T17:33:32","modified_gmt":"2021-07-20T21:33:32","slug":"ter-fome-no-brasil-e-um-escandalo-l-acabar-com-o-escandalo-da-fome-no-brasil-na","status":"publish","type":"post","link":"https:\/\/www.pedroandretta.info\/index\/2021\/07\/ter-fome-no-brasil-e-um-escandalo-l-acabar-com-o-escandalo-da-fome-no-brasil-na\/","title":{"rendered":"Ter fome no Brasil \u00e9 um esc\u00e2ndalo l &#8220;Acabar com o esc\u00e2ndalo da fome no Brasil n\u00e3&#8230;"},"content":{"rendered":"<p>[ad_1]<\/p>\n<blockquote class=\"twitter-tweet\">\n<p lang=\"pt\" dir=\"ltr\">Ter fome no Brasil \u00e9 um esc\u00e2ndalo l &quot;Acabar com o esc\u00e2ndalo da fome no Brasil n\u00e3o constitui um desafio t\u00e9cnico ou de falta de recursos, e sim um desafio de organiza\u00e7\u00e3o pol\u00edtica e social.&quot;. Dossi\u00ea 228 tematiza a <a target=\"_blank\" href=\"https:\/\/twitter.com\/hashtag\/Fome?src=hash&amp;ref_src=twsrc%5Etfw\" rel=\"noopener\">#Fome<\/a> . via ComCi\u00eancia  <a target=\"_blank\" href=\"https:\/\/t.co\/TpOf9GVvtk\" rel=\"noopener\">https:\/\/t.co\/TpOf9GVvtk<\/a><\/p>\n<p>&mdash; Pedro Andretta (@pedroisandretta) <a target=\"_blank\" href=\"https:\/\/twitter.com\/pedroisandretta\/status\/1417598573995249671?ref_src=twsrc%5Etfw\" rel=\"noopener\">July 20, 2021<\/a><\/p><\/blockquote>\n<p><script async src=\"https:\/\/platform.twitter.com\/widgets.js\" charset=\"utf-8\"><\/script><\/p>\n<p>[ad_2]<br \/>\n<br \/><a href=\"https:\/\/twitter.com\/pedroisandretta\/statuses\/1417598573995249671\">Fonte<\/a> : Projeto <a href=\"https:\/\/www.pedroandretta.info\/informeci\">Informe-CI<\/a><\/p>\n","protected":false},"excerpt":{"rendered":"<p>[ad_1] Ter fome no Brasil \u00e9 um esc\u00e2ndalo l &quot;Acabar com o esc\u00e2ndalo da fome no Brasil n\u00e3o constitui um desafio t\u00e9cnico ou de falta de recursos, e sim um desafio de organiza\u00e7\u00e3o pol\u00edtica e social.&quot;. Dossi\u00ea 228 tematiza a #Fome . via ComCi\u00eancia https:\/\/t.co\/TpOf9GVvtk &mdash; Pedro Andretta (@pedroisandretta) July 20, 2021 [ad_2] Fonte :<\/p><\/div>\n<div class=\"blog-btn\"><a href=\"https:\/\/www.pedroandretta.info\/index\/2021\/07\/ter-fome-no-brasil-e-um-escandalo-l-acabar-com-o-escandalo-da-fome-no-brasil-na\/\" class=\"home-blog-btn\">Ler mais<\/a><\/p>\n","protected":false},"author":1,"featured_media":0,"comment_status":"open","ping_status":"open","sticky":false,"template":"","format":"standard","meta":{"_jetpack_memberships_contains_paid_content":false,"footnotes":"","jetpack_publicize_message":"","jetpack_publicize_feature_enabled":true,"jetpack_social_post_already_shared":true,"jetpack_social_options":{"image_generator_settings":{"template":"highway","default_image_id":0,"font":"","enabled":false},"version":2}},"categories":[21],"tags":[2366],"class_list":["post-11308","post","type-post","status-publish","format-standard","hentry","category-informeci","tag-fome"],"jetpack_publicize_connections":[],"jetpack_featured_media_url":"","views":"","jetpack_sharing_enabled":true,"_links":{"self":[{"href":"https:\/\/www.pedroandretta.info\/index\/wp-json\/wp\/v2\/posts\/11308","targetHints":{"allow":["GET"]}}],"collection":[{"href":"https:\/\/www.pedroandretta.info\/index\/wp-json\/wp\/v2\/posts"}],"about":[{"href":"https:\/\/www.pedroandretta.info\/index\/wp-json\/wp\/v2\/types\/post"}],"author":[{"embeddable":true,"href":"https:\/\/www.pedroandretta.info\/index\/wp-json\/wp\/v2\/users\/1"}],"replies":[{"embeddable":true,"href":"https:\/\/www.pedroandretta.info\/index\/wp-json\/wp\/v2\/comments?post=11308"}],"version-history":[{"count":0,"href":"https:\/\/www.pedroandretta.info\/index\/wp-json\/wp\/v2\/posts\/11308\/revisions"}],"wp:attachment":[{"href":"https:\/\/www.pedroandretta.info\/index\/wp-json\/wp\/v2\/media?parent=11308"}],"wp:term":[{"taxonomy":"category","embeddable":true,"href":"https:\/\/www.pedroandretta.info\/index\/wp-json\/wp\/v2\/categories?post=11308"},{"taxonomy":"post_tag","embeddable":true,"href":"https:\/\/www.pedroandretta.info\/index\/wp-json\/wp\/v2\/tags?post=11308"}],"curies":[{"name":"wp","href":"https:\/\/api.w.org\/{rel}","templated":true}]}}