{"id":11350,"date":"2021-07-23T17:57:11","date_gmt":"2021-07-23T21:57:11","guid":{"rendered":"https:\/\/www.pedroandretta.info\/index\/?p=11350"},"modified":"2021-07-25T21:37:37","modified_gmt":"2021-07-26T01:37:37","slug":"museu-da-lingua-portuguesa-usa-todes-em-post-na-internet-e-provoca-polemica-l","status":"publish","type":"post","link":"https:\/\/www.pedroandretta.info\/index\/2021\/07\/museu-da-lingua-portuguesa-usa-todes-em-post-na-internet-e-provoca-polemica-l\/","title":{"rendered":"Museu da L\u00edngua Portuguesa usa \u2018todes\u2019 em post na internet e provoca pol\u00eamica l &#8230;"},"content":{"rendered":"<p>[ad_1]<br \/>\n<img data-recalc-dims=\"1\" decoding=\"async\" src=\"https:\/\/i0.wp.com\/www.pedroandretta.info\/index\/wp-content\/uploads\/2021\/07\/Museu-da-Lingua-Portuguesa-usa-%E2%80%98todes-em-post-na-internet.jpg?w=696&#038;ssl=1\" \/><\/p>\n<blockquote class=\"twitter-tweet\">\n<p dir=\"ltr\" lang=\"pt\">Museu da L\u00edngua Portuguesa usa \u2018todes\u2019 em post na internet e provoca pol\u00eamica l Em nota Museu re afirma \u201ca ser um espa\u00e7o para a discuss\u00e3o do idioma, suas varia\u00e7\u00f5es e mudan\u00e7as incorporadas ao longo do tempo\u201d. <a href=\"https:\/\/twitter.com\/hashtag\/G%C3%AAneroNeutro?src=hash&amp;ref_src=twsrc%5Etfw\" target=\"_blank\" rel=\"noopener\">#G\u00eaneroNeutro<\/a> <a href=\"https:\/\/twitter.com\/hashtag\/MuseuDaL%C3%ADnguaPortugues?src=hash&amp;ref_src=twsrc%5Etfw\" target=\"_blank\" rel=\"noopener\">#MuseuDaL\u00ednguaPortuguesa<\/a> via Folha <a href=\"https:\/\/t.co\/6cN7riKVbI\" target=\"_blank\" rel=\"noopener\">https:\/\/t.co\/6cN7riKVbI<\/a><\/p>\n<p>\u2014 Pedro Andretta (@pedroisandretta) <a href=\"https:\/\/twitter.com\/pedroisandretta\/status\/1418691689020014593?ref_src=twsrc%5Etfw\" target=\"_blank\" rel=\"noopener\">July 23, 2021<\/a><\/p><\/blockquote>\n<p><script async=\"\" src=\"https:\/\/platform.twitter.com\/widgets.js\" charset=\"utf-8\"><\/script><\/p>\n<p>[ad_2]<\/p>\n<p><a href=\"https:\/\/twitter.com\/pedroisandretta\/statuses\/1418691689020014593\">Fonte<\/a> : Projeto <a href=\"https:\/\/www.pedroandretta.info\/informeci\">Informe-CI<\/a><\/p>\n","protected":false},"excerpt":{"rendered":"<p>[ad_1] Museu da L\u00edngua Portuguesa usa \u2018todes\u2019 em post na internet e provoca pol\u00eamica l Em nota Museu re afirma \u201ca ser um espa\u00e7o para a discuss\u00e3o do idioma, suas varia\u00e7\u00f5es e mudan\u00e7as incorporadas ao longo do tempo\u201d. #G\u00eaneroNeutro #MuseuDaL\u00ednguaPortuguesa via Folha https:\/\/t.co\/6cN7riKVbI \u2014 Pedro Andretta (@pedroisandretta) July 23, 2021 [ad_2] Fonte : Projeto Informe-CI<\/p>\n","protected":false},"author":1,"featured_media":11351,"comment_status":"open","ping_status":"open","sticky":false,"template":"","format":"standard","meta":{"_jetpack_memberships_contains_paid_content":false,"footnotes":"","jetpack_publicize_message":"","jetpack_publicize_feature_enabled":true,"jetpack_social_post_already_shared":true,"jetpack_social_options":{"image_generator_settings":{"template":"highway","default_image_id":0,"font":"","enabled":false},"version":2}},"categories":[21],"tags":[1736,1921],"class_list":["post-11350","post","type-post","status-publish","format-standard","has-post-thumbnail","hentry","category-informeci","tag-generoneutro","tag-museudalinguaportuguesa"],"jetpack_publicize_connections":[],"jetpack_featured_media_url":"https:\/\/i0.wp.com\/www.pedroandretta.info\/index\/wp-content\/uploads\/2021\/07\/Museu-da-Lingua-Portuguesa-usa-%E2%80%98todes-em-post-na-internet.jpg?fit=2400%2C1600&ssl=1","views":"","jetpack_sharing_enabled":true,"_links":{"self":[{"href":"https:\/\/www.pedroandretta.info\/index\/wp-json\/wp\/v2\/posts\/11350","targetHints":{"allow":["GET"]}}],"collection":[{"href":"https:\/\/www.pedroandretta.info\/index\/wp-json\/wp\/v2\/posts"}],"about":[{"href":"https:\/\/www.pedroandretta.info\/index\/wp-json\/wp\/v2\/types\/post"}],"author":[{"embeddable":true,"href":"https:\/\/www.pedroandretta.info\/index\/wp-json\/wp\/v2\/users\/1"}],"replies":[{"embeddable":true,"href":"https:\/\/www.pedroandretta.info\/index\/wp-json\/wp\/v2\/comments?post=11350"}],"version-history":[{"count":0,"href":"https:\/\/www.pedroandretta.info\/index\/wp-json\/wp\/v2\/posts\/11350\/revisions"}],"wp:featuredmedia":[{"embeddable":true,"href":"https:\/\/www.pedroandretta.info\/index\/wp-json\/wp\/v2\/media\/11351"}],"wp:attachment":[{"href":"https:\/\/www.pedroandretta.info\/index\/wp-json\/wp\/v2\/media?parent=11350"}],"wp:term":[{"taxonomy":"category","embeddable":true,"href":"https:\/\/www.pedroandretta.info\/index\/wp-json\/wp\/v2\/categories?post=11350"},{"taxonomy":"post_tag","embeddable":true,"href":"https:\/\/www.pedroandretta.info\/index\/wp-json\/wp\/v2\/tags?post=11350"}],"curies":[{"name":"wp","href":"https:\/\/api.w.org\/{rel}","templated":true}]}}