{"id":11391,"date":"2021-07-24T16:09:00","date_gmt":"2021-07-24T20:09:00","guid":{"rendered":"https:\/\/www.pedroandretta.info\/index\/?p=11391"},"modified":"2021-07-24T16:09:00","modified_gmt":"2021-07-24T20:09:00","slug":"mapa-dos-elementos-rda-com-as-etiquetas-do-marc21-para-dados-de-autoridad","status":"publish","type":"post","link":"https:\/\/www.pedroandretta.info\/index\/2021\/07\/mapa-dos-elementos-rda-com-as-etiquetas-do-marc21-para-dados-de-autoridad\/","title":{"rendered":"Mapa dos elementos RDA com as etiquetas [&#8230;] do #Marc21 para Dados de Autoridad&#8230;"},"content":{"rendered":"<p>[ad_1]<\/p>\n<blockquote class=\"twitter-tweet\">\n<p lang=\"pt\" dir=\"ltr\">Mapa dos elementos RDA com as etiquetas [&#8230;] do <a target=\"_blank\" href=\"https:\/\/twitter.com\/hashtag\/Marc21?src=hash&amp;ref_src=twsrc%5Etfw\" rel=\"noopener\">#Marc21<\/a> para Dados de Autoridade l &quot;Normalizar os nomes de pessoas, entidades coletivas\/corporativas, t\u00edtulos uniformes ou assuntos, constitui a base para determina\u00e7\u00e3o do <a target=\"_blank\" href=\"https:\/\/twitter.com\/hashtag\/PontoDeAcesso?src=hash&amp;ref_src=twsrc%5Etfw\" rel=\"noopener\">#PontoDeAcesso<\/a>&quot; <a target=\"_blank\" href=\"https:\/\/twitter.com\/hashtag\/RDA?src=hash&amp;ref_src=twsrc%5Etfw\" rel=\"noopener\">#RDA<\/a>  via InfoHome <a target=\"_blank\" href=\"https:\/\/t.co\/dBQNc9FeeB\" rel=\"noopener\">https:\/\/t.co\/dBQNc9FeeB<\/a><\/p>\n<p>&mdash; Pedro Andretta (@pedroisandretta) <a target=\"_blank\" href=\"https:\/\/twitter.com\/pedroisandretta\/status\/1419026851209433089?ref_src=twsrc%5Etfw\" rel=\"noopener\">July 24, 2021<\/a><\/p><\/blockquote>\n<p><script async src=\"https:\/\/platform.twitter.com\/widgets.js\" charset=\"utf-8\"><\/script><\/p>\n<p>[ad_2]<br \/>\n<br \/><a href=\"https:\/\/twitter.com\/pedroisandretta\/statuses\/1419026851209433089\">Fonte<\/a> : Projeto <a href=\"https:\/\/www.pedroandretta.info\/informeci\">Informe-CI<\/a><\/p>\n","protected":false},"excerpt":{"rendered":"<p>[ad_1] Mapa dos elementos RDA com as etiquetas [&#8230;] do #Marc21 para Dados de Autoridade l &quot;Normalizar os nomes de pessoas, entidades coletivas\/corporativas, t\u00edtulos uniformes ou assuntos, constitui a base para determina\u00e7\u00e3o do #PontoDeAcesso&quot; #RDA via InfoHome https:\/\/t.co\/dBQNc9FeeB &mdash; Pedro Andretta (@pedroisandretta) July 24, 2021 [ad_2] Fonte : Projeto Informe-CI<\/p>\n","protected":false},"author":1,"featured_media":0,"comment_status":"open","ping_status":"open","sticky":false,"template":"","format":"standard","meta":{"_jetpack_memberships_contains_paid_content":false,"footnotes":"","jetpack_publicize_message":"","jetpack_publicize_feature_enabled":true,"jetpack_social_post_already_shared":true,"jetpack_social_options":{"image_generator_settings":{"template":"highway","default_image_id":0,"font":"","enabled":false},"version":2}},"categories":[21],"tags":[322,805,455],"class_list":["post-11391","post","type-post","status-publish","format-standard","hentry","category-informeci","tag-marc21","tag-pontodeacesso","tag-rda"],"jetpack_publicize_connections":[],"jetpack_featured_media_url":"","views":"","jetpack_sharing_enabled":true,"_links":{"self":[{"href":"https:\/\/www.pedroandretta.info\/index\/wp-json\/wp\/v2\/posts\/11391","targetHints":{"allow":["GET"]}}],"collection":[{"href":"https:\/\/www.pedroandretta.info\/index\/wp-json\/wp\/v2\/posts"}],"about":[{"href":"https:\/\/www.pedroandretta.info\/index\/wp-json\/wp\/v2\/types\/post"}],"author":[{"embeddable":true,"href":"https:\/\/www.pedroandretta.info\/index\/wp-json\/wp\/v2\/users\/1"}],"replies":[{"embeddable":true,"href":"https:\/\/www.pedroandretta.info\/index\/wp-json\/wp\/v2\/comments?post=11391"}],"version-history":[{"count":0,"href":"https:\/\/www.pedroandretta.info\/index\/wp-json\/wp\/v2\/posts\/11391\/revisions"}],"wp:attachment":[{"href":"https:\/\/www.pedroandretta.info\/index\/wp-json\/wp\/v2\/media?parent=11391"}],"wp:term":[{"taxonomy":"category","embeddable":true,"href":"https:\/\/www.pedroandretta.info\/index\/wp-json\/wp\/v2\/categories?post=11391"},{"taxonomy":"post_tag","embeddable":true,"href":"https:\/\/www.pedroandretta.info\/index\/wp-json\/wp\/v2\/tags?post=11391"}],"curies":[{"name":"wp","href":"https:\/\/api.w.org\/{rel}","templated":true}]}}