{"id":11393,"date":"2021-07-25T21:26:26","date_gmt":"2021-07-26T01:26:26","guid":{"rendered":"https:\/\/www.pedroandretta.info\/index\/?p=11393"},"modified":"2021-07-25T21:26:26","modified_gmt":"2021-07-26T01:26:26","slug":"o-que-deu-errado-com-os-millennials-geracao-que-foi-de-ambiciosa-a-azarada","status":"publish","type":"post","link":"https:\/\/www.pedroandretta.info\/index\/2021\/07\/o-que-deu-errado-com-os-millennials-geracao-que-foi-de-ambiciosa-a-azarada\/","title":{"rendered":"O que deu errado com os #millennials , gera\u00e7\u00e3o que foi de ambiciosa a &#8216;azarada&#8217; &#8230;"},"content":{"rendered":"<p>[ad_1]<\/p>\n<blockquote class=\"twitter-tweet\">\n<p lang=\"pt\" dir=\"ltr\">O que deu errado com os <a target=\"_blank\" href=\"https:\/\/twitter.com\/hashtag\/millennials?src=hash&amp;ref_src=twsrc%5Etfw\" rel=\"noopener\">#millennials<\/a> , gera\u00e7\u00e3o que foi de ambiciosa a &#39;azarada&#39; l&quot;A primeira gera\u00e7\u00e3o a conviver desde cedo com computadores pessoais, smartphones, internet e o fluxo global de informa\u00e7\u00f5es tinha grandes expectativas sobre si pr\u00f3pria&quot; via BBC <a target=\"_blank\" href=\"https:\/\/t.co\/7CFngNNE1m\" rel=\"noopener\">https:\/\/t.co\/7CFngNNE1m<\/a><\/p>\n<p>&mdash; Pedro Andretta (@pedroisandretta) <a target=\"_blank\" href=\"https:\/\/twitter.com\/pedroisandretta\/status\/1419469126452629506?ref_src=twsrc%5Etfw\" rel=\"noopener\">July 26, 2021<\/a><\/p><\/blockquote>\n<p><script async src=\"https:\/\/platform.twitter.com\/widgets.js\" charset=\"utf-8\"><\/script><\/p>\n<p>[ad_2]<br \/>\n<br \/><a href=\"https:\/\/twitter.com\/pedroisandretta\/statuses\/1419469126452629506\">Fonte<\/a> : Projeto <a href=\"https:\/\/www.pedroandretta.info\/informeci\">Informe-CI<\/a><\/p>\n","protected":false},"excerpt":{"rendered":"<p>[ad_1] O que deu errado com os #millennials , gera\u00e7\u00e3o que foi de ambiciosa a &#39;azarada&#39; l&quot;A primeira gera\u00e7\u00e3o a conviver desde cedo com computadores pessoais, smartphones, internet e o fluxo global de informa\u00e7\u00f5es tinha grandes expectativas sobre si pr\u00f3pria&quot; via BBC https:\/\/t.co\/7CFngNNE1m &mdash; Pedro Andretta (@pedroisandretta) July 26, 2021 [ad_2] Fonte : Projeto Informe-CI<\/p>\n","protected":false},"author":1,"featured_media":0,"comment_status":"open","ping_status":"open","sticky":false,"template":"","format":"standard","meta":{"_jetpack_memberships_contains_paid_content":false,"footnotes":"","jetpack_publicize_message":"","jetpack_publicize_feature_enabled":true,"jetpack_social_post_already_shared":true,"jetpack_social_options":{"image_generator_settings":{"template":"highway","default_image_id":0,"font":"","enabled":false},"version":2}},"categories":[21],"tags":[1627],"class_list":["post-11393","post","type-post","status-publish","format-standard","hentry","category-informeci","tag-millennials"],"jetpack_publicize_connections":[],"jetpack_featured_media_url":"","views":"","jetpack_sharing_enabled":true,"_links":{"self":[{"href":"https:\/\/www.pedroandretta.info\/index\/wp-json\/wp\/v2\/posts\/11393","targetHints":{"allow":["GET"]}}],"collection":[{"href":"https:\/\/www.pedroandretta.info\/index\/wp-json\/wp\/v2\/posts"}],"about":[{"href":"https:\/\/www.pedroandretta.info\/index\/wp-json\/wp\/v2\/types\/post"}],"author":[{"embeddable":true,"href":"https:\/\/www.pedroandretta.info\/index\/wp-json\/wp\/v2\/users\/1"}],"replies":[{"embeddable":true,"href":"https:\/\/www.pedroandretta.info\/index\/wp-json\/wp\/v2\/comments?post=11393"}],"version-history":[{"count":0,"href":"https:\/\/www.pedroandretta.info\/index\/wp-json\/wp\/v2\/posts\/11393\/revisions"}],"wp:attachment":[{"href":"https:\/\/www.pedroandretta.info\/index\/wp-json\/wp\/v2\/media?parent=11393"}],"wp:term":[{"taxonomy":"category","embeddable":true,"href":"https:\/\/www.pedroandretta.info\/index\/wp-json\/wp\/v2\/categories?post=11393"},{"taxonomy":"post_tag","embeddable":true,"href":"https:\/\/www.pedroandretta.info\/index\/wp-json\/wp\/v2\/tags?post=11393"}],"curies":[{"name":"wp","href":"https:\/\/api.w.org\/{rel}","templated":true}]}}