{"id":11404,"date":"2021-07-25T21:39:42","date_gmt":"2021-07-26T01:39:42","guid":{"rendered":"https:\/\/www.pedroandretta.info\/index\/?p=11404"},"modified":"2021-07-25T21:39:42","modified_gmt":"2021-07-26T01:39:42","slug":"mario-frias-diz-que-museu-da-lingua-portuguesa-vandaliza-cultura-ao-usar-todes","status":"publish","type":"post","link":"https:\/\/www.pedroandretta.info\/index\/2021\/07\/mario-frias-diz-que-museu-da-lingua-portuguesa-vandaliza-cultura-ao-usar-todes\/","title":{"rendered":"Mario Frias diz que Museu da L\u00edngua Portuguesa vandaliza cultura ao usar &#8220;todes&#8221;&#8230;"},"content":{"rendered":"<p>[ad_1]<br \/>\n<img data-recalc-dims=\"1\" decoding=\"async\" src=\"https:\/\/i0.wp.com\/www.pedroandretta.info\/index\/wp-content\/uploads\/2021\/07\/Mario-Frias-diz-que-Museu-da-Lingua-Portuguesa-vandaliza-cultura.jpg?w=696&#038;ssl=1\"\/><\/p>\n<blockquote class=\"twitter-tweet\">\n<p lang=\"pt\" dir=\"ltr\">Mario Frias diz que Museu da L\u00edngua Portuguesa vandaliza cultura ao usar &quot;todes&quot; l &quot;Secret\u00e1rio diz que tomar\u00e1 medidas &quot;para impedir que usem dinheiro p\u00fablico federal para piruetas ideol\u00f3gicas&quot;. \ud83d\ude44 <a target=\"_blank\" href=\"https:\/\/twitter.com\/hashtag\/MuseuDaL%C3%ADnguaPortuguesa?src=hash&amp;ref_src=twsrc%5Etfw\" rel=\"noopener\">#MuseuDaL\u00ednguaPortuguesa<\/a> <a target=\"_blank\" href=\"https:\/\/twitter.com\/hashtag\/G%C3%AAneroNeutro?src=hash&amp;ref_src=twsrc%5Etfw\" rel=\"noopener\">#G\u00eaneroNeutro<\/a> <a target=\"_blank\" href=\"https:\/\/twitter.com\/hashtag\/Censura?src=hash&amp;ref_src=twsrc%5Etfw\" rel=\"noopener\">#Censura<\/a>  via Folha <a target=\"_blank\" href=\"https:\/\/t.co\/CJTgE0ZaoU\" rel=\"noopener\">https:\/\/t.co\/CJTgE0ZaoU<\/a><\/p>\n<p>&mdash; Pedro Andretta (@pedroisandretta) <a target=\"_blank\" href=\"https:\/\/twitter.com\/pedroisandretta\/status\/1419472461582766081?ref_src=twsrc%5Etfw\" rel=\"noopener\">July 26, 2021<\/a><\/p><\/blockquote>\n<p><script async src=\"https:\/\/platform.twitter.com\/widgets.js\" charset=\"utf-8\"><\/script><\/p>\n<p>[ad_2]<br \/>\n<br \/><a href=\"https:\/\/twitter.com\/pedroisandretta\/statuses\/1419472461582766081\">Fonte<\/a> : Projeto <a href=\"https:\/\/www.pedroandretta.info\/informeci\">Informe-CI<\/a><\/p>\n","protected":false},"excerpt":{"rendered":"<p>[ad_1] Mario Frias diz que Museu da L\u00edngua Portuguesa vandaliza cultura ao usar &quot;todes&quot; l &quot;Secret\u00e1rio diz que tomar\u00e1 medidas &quot;para impedir que usem dinheiro p\u00fablico federal para piruetas ideol\u00f3gicas&quot;. \ud83d\ude44 #MuseuDaL\u00ednguaPortuguesa #G\u00eaneroNeutro #Censura via Folha https:\/\/t.co\/CJTgE0ZaoU &mdash; Pedro Andretta (@pedroisandretta) July 26, 2021 [ad_2] Fonte : Projeto Informe-CI<\/p>\n","protected":false},"author":1,"featured_media":11405,"comment_status":"open","ping_status":"open","sticky":false,"template":"","format":"standard","meta":{"_jetpack_memberships_contains_paid_content":false,"footnotes":"","jetpack_publicize_message":"","jetpack_publicize_feature_enabled":true,"jetpack_social_post_already_shared":true,"jetpack_social_options":{"image_generator_settings":{"template":"highway","default_image_id":0,"font":"","enabled":false},"version":2}},"categories":[21],"tags":[168,1736,1921],"class_list":["post-11404","post","type-post","status-publish","format-standard","has-post-thumbnail","hentry","category-informeci","tag-censura","tag-generoneutro","tag-museudalinguaportuguesa"],"jetpack_publicize_connections":[],"jetpack_featured_media_url":"https:\/\/i0.wp.com\/www.pedroandretta.info\/index\/wp-content\/uploads\/2021\/07\/Mario-Frias-diz-que-Museu-da-Lingua-Portuguesa-vandaliza-cultura.jpg?fit=768%2C506&ssl=1","views":"","jetpack_sharing_enabled":true,"_links":{"self":[{"href":"https:\/\/www.pedroandretta.info\/index\/wp-json\/wp\/v2\/posts\/11404","targetHints":{"allow":["GET"]}}],"collection":[{"href":"https:\/\/www.pedroandretta.info\/index\/wp-json\/wp\/v2\/posts"}],"about":[{"href":"https:\/\/www.pedroandretta.info\/index\/wp-json\/wp\/v2\/types\/post"}],"author":[{"embeddable":true,"href":"https:\/\/www.pedroandretta.info\/index\/wp-json\/wp\/v2\/users\/1"}],"replies":[{"embeddable":true,"href":"https:\/\/www.pedroandretta.info\/index\/wp-json\/wp\/v2\/comments?post=11404"}],"version-history":[{"count":0,"href":"https:\/\/www.pedroandretta.info\/index\/wp-json\/wp\/v2\/posts\/11404\/revisions"}],"wp:featuredmedia":[{"embeddable":true,"href":"https:\/\/www.pedroandretta.info\/index\/wp-json\/wp\/v2\/media\/11405"}],"wp:attachment":[{"href":"https:\/\/www.pedroandretta.info\/index\/wp-json\/wp\/v2\/media?parent=11404"}],"wp:term":[{"taxonomy":"category","embeddable":true,"href":"https:\/\/www.pedroandretta.info\/index\/wp-json\/wp\/v2\/categories?post=11404"},{"taxonomy":"post_tag","embeddable":true,"href":"https:\/\/www.pedroandretta.info\/index\/wp-json\/wp\/v2\/tags?post=11404"}],"curies":[{"name":"wp","href":"https:\/\/api.w.org\/{rel}","templated":true}]}}