{"id":11447,"date":"2021-07-29T15:00:01","date_gmt":"2021-07-29T19:00:01","guid":{"rendered":"https:\/\/www.pedroandretta.info\/index\/?p=11447"},"modified":"2021-07-29T15:00:01","modified_gmt":"2021-07-29T19:00:01","slug":"educacao-domiciliar-e-tema-do-novo-episodio-do-outra-estacao-l-a-busca-pela-r","status":"publish","type":"post","link":"https:\/\/www.pedroandretta.info\/index\/2021\/07\/educacao-domiciliar-e-tema-do-novo-episodio-do-outra-estacao-l-a-busca-pela-r\/","title":{"rendered":"Educa\u00e7\u00e3o domiciliar \u00e9 tema do novo epis\u00f3dio do &#8216;Outra esta\u00e7\u00e3o&#8217; l &#8220;A busca pela r&#8230;"},"content":{"rendered":"<p>[ad_1]<br \/>\n<img data-recalc-dims=\"1\" decoding=\"async\" src=\"https:\/\/i0.wp.com\/www.pedroandretta.info\/index\/wp-content\/uploads\/2021\/07\/Educacao-domiciliar-e-tema-do-novo-episodio-do-Outra-estacao.jpg?w=696&#038;ssl=1\"\/><\/p>\n<blockquote class=\"twitter-tweet\">\n<p lang=\"pt\" dir=\"ltr\">Educa\u00e7\u00e3o domiciliar \u00e9 tema do novo epis\u00f3dio do &#39;Outra esta\u00e7\u00e3o&#39; l &quot;A busca pela regulamenta\u00e7\u00e3o, [&#8230;] tem a oposi\u00e7\u00e3o de pesquisadores da educa\u00e7\u00e3o e de organiza\u00e7\u00f5es que atuam nessa \u00e1rea e no campo dos direitos humanos.&quot; <a target=\"_blank\" href=\"https:\/\/twitter.com\/hashtag\/Educa%C3%A7%C3%A3oDomiciliar?src=hash&amp;ref_src=twsrc%5Etfw\" rel=\"noopener\">#Educa\u00e7\u00e3oDomiciliar<\/a> via UFMG <a target=\"_blank\" href=\"https:\/\/t.co\/QJwFEMHrc4\" rel=\"noopener\">https:\/\/t.co\/QJwFEMHrc4<\/a><\/p>\n<p>&mdash; Pedro Andretta (@pedroisandretta) <a target=\"_blank\" href=\"https:\/\/twitter.com\/pedroisandretta\/status\/1420821430275649537?ref_src=twsrc%5Etfw\" rel=\"noopener\">July 29, 2021<\/a><\/p><\/blockquote>\n<p><script async src=\"https:\/\/platform.twitter.com\/widgets.js\" charset=\"utf-8\"><\/script><\/p>\n<p>[ad_2]<br \/>\n<br \/><a href=\"https:\/\/twitter.com\/pedroisandretta\/statuses\/1420821430275649537\">Fonte<\/a> : Projeto <a href=\"https:\/\/www.pedroandretta.info\/informeci\">Informe-CI<\/a><\/p>\n","protected":false},"excerpt":{"rendered":"<p>[ad_1] Educa\u00e7\u00e3o domiciliar \u00e9 tema do novo epis\u00f3dio do &#39;Outra esta\u00e7\u00e3o&#39; l &quot;A busca pela regulamenta\u00e7\u00e3o, [&#8230;] tem a oposi\u00e7\u00e3o de pesquisadores da educa\u00e7\u00e3o e de organiza\u00e7\u00f5es que atuam nessa \u00e1rea e no campo dos direitos humanos.&quot; #Educa\u00e7\u00e3oDomiciliar via UFMG https:\/\/t.co\/QJwFEMHrc4 &mdash; Pedro Andretta (@pedroisandretta) July 29, 2021 [ad_2] Fonte : Projeto Informe-CI<\/p>\n","protected":false},"author":1,"featured_media":11448,"comment_status":"open","ping_status":"open","sticky":false,"template":"","format":"standard","meta":{"_jetpack_memberships_contains_paid_content":false,"footnotes":"","jetpack_publicize_message":"","jetpack_publicize_feature_enabled":true,"jetpack_social_post_already_shared":true,"jetpack_social_options":{"image_generator_settings":{"template":"highway","default_image_id":0,"font":"","enabled":false},"version":2}},"categories":[21],"tags":[2484],"class_list":["post-11447","post","type-post","status-publish","format-standard","has-post-thumbnail","hentry","category-informeci","tag-educacaodomiciliar"],"jetpack_publicize_connections":[],"jetpack_featured_media_url":"https:\/\/i0.wp.com\/www.pedroandretta.info\/index\/wp-content\/uploads\/2021\/07\/Educacao-domiciliar-e-tema-do-novo-episodio-do-Outra-estacao.jpg?fit=300%2C200&ssl=1","views":"","jetpack_sharing_enabled":true,"_links":{"self":[{"href":"https:\/\/www.pedroandretta.info\/index\/wp-json\/wp\/v2\/posts\/11447","targetHints":{"allow":["GET"]}}],"collection":[{"href":"https:\/\/www.pedroandretta.info\/index\/wp-json\/wp\/v2\/posts"}],"about":[{"href":"https:\/\/www.pedroandretta.info\/index\/wp-json\/wp\/v2\/types\/post"}],"author":[{"embeddable":true,"href":"https:\/\/www.pedroandretta.info\/index\/wp-json\/wp\/v2\/users\/1"}],"replies":[{"embeddable":true,"href":"https:\/\/www.pedroandretta.info\/index\/wp-json\/wp\/v2\/comments?post=11447"}],"version-history":[{"count":0,"href":"https:\/\/www.pedroandretta.info\/index\/wp-json\/wp\/v2\/posts\/11447\/revisions"}],"wp:featuredmedia":[{"embeddable":true,"href":"https:\/\/www.pedroandretta.info\/index\/wp-json\/wp\/v2\/media\/11448"}],"wp:attachment":[{"href":"https:\/\/www.pedroandretta.info\/index\/wp-json\/wp\/v2\/media?parent=11447"}],"wp:term":[{"taxonomy":"category","embeddable":true,"href":"https:\/\/www.pedroandretta.info\/index\/wp-json\/wp\/v2\/categories?post=11447"},{"taxonomy":"post_tag","embeddable":true,"href":"https:\/\/www.pedroandretta.info\/index\/wp-json\/wp\/v2\/tags?post=11447"}],"curies":[{"name":"wp","href":"https:\/\/api.w.org\/{rel}","templated":true}]}}