{"id":11450,"date":"2021-07-29T17:22:00","date_gmt":"2021-07-29T21:22:00","guid":{"rendered":"https:\/\/www.pedroandretta.info\/index\/?p=11450"},"modified":"2021-07-29T17:22:00","modified_gmt":"2021-07-29T21:22:00","slug":"informar-e-lancamento-do-podcast-exclusivo-do-conselho-regional-de-bibliotecon","status":"publish","type":"post","link":"https:\/\/www.pedroandretta.info\/index\/2021\/07\/informar-e-lancamento-do-podcast-exclusivo-do-conselho-regional-de-bibliotecon\/","title":{"rendered":"Informar.\u00c9 &#8211; lan\u00e7amento do podcast exclusivo do Conselho Regional de Bibliotecon&#8230;"},"content":{"rendered":"<p>[ad_1]<\/p>\n<blockquote class=\"twitter-tweet\">\n<p lang=\"pt\" dir=\"ltr\">Informar.\u00c9 &#8211; lan\u00e7amento do podcast exclusivo do Conselho Regional de Biblioteconomia l &quot;O podcast Informar.\u00c9 est\u00e1 dispon\u00edvel nas plataformas Anchor FM, Google Podcasts, Orelo e Spotify.&quot; Novos epis\u00f3dios as 3\u00aas. <a target=\"_blank\" href=\"https:\/\/twitter.com\/hashtag\/PodCasts?src=hash&amp;ref_src=twsrc%5Etfw\" rel=\"noopener\">#PodCasts<\/a> <a target=\"_blank\" href=\"https:\/\/twitter.com\/hashtag\/Biblioteconomia?src=hash&amp;ref_src=twsrc%5Etfw\" rel=\"noopener\">#Biblioteconomia<\/a> <a target=\"_blank\" href=\"https:\/\/twitter.com\/hashtag\/CRB8?src=hash&amp;ref_src=twsrc%5Etfw\" rel=\"noopener\">#CRB8<\/a> via CRB-8 <a target=\"_blank\" href=\"https:\/\/t.co\/m7lKTx9YF5\" rel=\"noopener\">https:\/\/t.co\/m7lKTx9YF5<\/a><\/p>\n<p>&mdash; Pedro Andretta (@pedroisandretta) <a target=\"_blank\" href=\"https:\/\/twitter.com\/pedroisandretta\/status\/1420857161652056074?ref_src=twsrc%5Etfw\" rel=\"noopener\">July 29, 2021<\/a><\/p><\/blockquote>\n<p><script async src=\"https:\/\/platform.twitter.com\/widgets.js\" charset=\"utf-8\"><\/script><\/p>\n<p>[ad_2]<br \/>\n<br \/><a href=\"https:\/\/twitter.com\/pedroisandretta\/statuses\/1420857161652056074\">Fonte<\/a> : Projeto <a href=\"https:\/\/www.pedroandretta.info\/informeci\">Informe-CI<\/a><\/p>\n","protected":false},"excerpt":{"rendered":"<p>[ad_1] Informar.\u00c9 &#8211; lan\u00e7amento do podcast exclusivo do Conselho Regional de Biblioteconomia l &quot;O podcast Informar.\u00c9 est\u00e1 dispon\u00edvel nas plataformas Anchor FM, Google Podcasts, Orelo e Spotify.&quot; Novos epis\u00f3dios as 3\u00aas. #PodCasts #Biblioteconomia #CRB8 via CRB-8 https:\/\/t.co\/m7lKTx9YF5 &mdash; Pedro Andretta (@pedroisandretta) July 29, 2021 [ad_2] Fonte : Projeto Informe-CI<\/p>\n","protected":false},"author":1,"featured_media":0,"comment_status":"open","ping_status":"open","sticky":false,"template":"","format":"standard","meta":{"_jetpack_memberships_contains_paid_content":false,"footnotes":"","jetpack_publicize_message":"","jetpack_publicize_feature_enabled":true,"jetpack_social_post_already_shared":true,"jetpack_social_options":{"image_generator_settings":{"template":"highway","default_image_id":0,"font":"","enabled":false},"version":2}},"categories":[21],"tags":[33,2485,86],"class_list":["post-11450","post","type-post","status-publish","format-standard","hentry","category-informeci","tag-biblioteconomia","tag-crb8","tag-podcast"],"jetpack_publicize_connections":[],"jetpack_featured_media_url":"","views":"","jetpack_sharing_enabled":true,"_links":{"self":[{"href":"https:\/\/www.pedroandretta.info\/index\/wp-json\/wp\/v2\/posts\/11450","targetHints":{"allow":["GET"]}}],"collection":[{"href":"https:\/\/www.pedroandretta.info\/index\/wp-json\/wp\/v2\/posts"}],"about":[{"href":"https:\/\/www.pedroandretta.info\/index\/wp-json\/wp\/v2\/types\/post"}],"author":[{"embeddable":true,"href":"https:\/\/www.pedroandretta.info\/index\/wp-json\/wp\/v2\/users\/1"}],"replies":[{"embeddable":true,"href":"https:\/\/www.pedroandretta.info\/index\/wp-json\/wp\/v2\/comments?post=11450"}],"version-history":[{"count":0,"href":"https:\/\/www.pedroandretta.info\/index\/wp-json\/wp\/v2\/posts\/11450\/revisions"}],"wp:attachment":[{"href":"https:\/\/www.pedroandretta.info\/index\/wp-json\/wp\/v2\/media?parent=11450"}],"wp:term":[{"taxonomy":"category","embeddable":true,"href":"https:\/\/www.pedroandretta.info\/index\/wp-json\/wp\/v2\/categories?post=11450"},{"taxonomy":"post_tag","embeddable":true,"href":"https:\/\/www.pedroandretta.info\/index\/wp-json\/wp\/v2\/tags?post=11450"}],"curies":[{"name":"wp","href":"https:\/\/api.w.org\/{rel}","templated":true}]}}