{"id":11455,"date":"2021-07-29T15:21:00","date_gmt":"2021-07-29T19:21:00","guid":{"rendered":"https:\/\/www.pedroandretta.info\/index\/?p=11455"},"modified":"2021-07-29T15:21:00","modified_gmt":"2021-07-29T19:21:00","slug":"o-que-ha-em-uma-nota-l-se-voce-esta-classificando-um-trabalho-sobre-um-determi","status":"publish","type":"post","link":"https:\/\/www.pedroandretta.info\/index\/2021\/07\/o-que-ha-em-uma-nota-l-se-voce-esta-classificando-um-trabalho-sobre-um-determi\/","title":{"rendered":"O que h\u00e1 em uma nota? l &#8220;Se voc\u00ea est\u00e1 classificando um trabalho sobre um determi&#8230;"},"content":{"rendered":"<p>[ad_1]<\/p>\n<blockquote class=\"twitter-tweet\">\n<p lang=\"pt\" dir=\"ltr\">O que h\u00e1 em uma nota? l &quot;Se voc\u00ea est\u00e1 classificando um trabalho sobre um determinado t\u00f3pico e encontra o t\u00f3pico em uma nota que diz \u201cclasse aqui\u201d ou \u201cincluindo\u201d, voc\u00ea sabe que est\u00e1 no lugar certo.&quot; <a target=\"_blank\" href=\"https:\/\/twitter.com\/hashtag\/CDD?src=hash&amp;ref_src=twsrc%5Etfw\" rel=\"noopener\">#CDD<\/a> \ud83c\uddfa\ud83c\uddf8 via 025.431: The Dewey blog  <a target=\"_blank\" href=\"https:\/\/t.co\/Lw061a1f78\" rel=\"noopener\">https:\/\/t.co\/Lw061a1f78<\/a><\/p>\n<p>&mdash; Pedro Andretta (@pedroisandretta) <a target=\"_blank\" href=\"https:\/\/twitter.com\/pedroisandretta\/status\/1420826711130787843?ref_src=twsrc%5Etfw\" rel=\"noopener\">July 29, 2021<\/a><\/p><\/blockquote>\n<p><script async src=\"https:\/\/platform.twitter.com\/widgets.js\" charset=\"utf-8\"><\/script><\/p>\n<p>[ad_2]<br \/>\n<br \/><a href=\"https:\/\/twitter.com\/pedroisandretta\/statuses\/1420826711130787843\">Fonte<\/a> : Projeto <a href=\"https:\/\/www.pedroandretta.info\/informeci\">Informe-CI<\/a><\/p>\n","protected":false},"excerpt":{"rendered":"<p>[ad_1] O que h\u00e1 em uma nota? l &quot;Se voc\u00ea est\u00e1 classificando um trabalho sobre um determinado t\u00f3pico e encontra o t\u00f3pico em uma nota que diz \u201cclasse aqui\u201d ou \u201cincluindo\u201d, voc\u00ea sabe que est\u00e1 no lugar certo.&quot; #CDD \ud83c\uddfa\ud83c\uddf8 via 025.431: The Dewey blog https:\/\/t.co\/Lw061a1f78 &mdash; Pedro Andretta (@pedroisandretta) July 29, 2021 [ad_2] Fonte<\/p><\/div>\n<div class=\"blog-btn\"><a href=\"https:\/\/www.pedroandretta.info\/index\/2021\/07\/o-que-ha-em-uma-nota-l-se-voce-esta-classificando-um-trabalho-sobre-um-determi\/\" class=\"home-blog-btn\">Ler mais<\/a><\/p>\n","protected":false},"author":1,"featured_media":0,"comment_status":"open","ping_status":"open","sticky":false,"template":"","format":"standard","meta":{"_jetpack_memberships_contains_paid_content":false,"footnotes":"","jetpack_publicize_message":"","jetpack_publicize_feature_enabled":true,"jetpack_social_post_already_shared":true,"jetpack_social_options":{"image_generator_settings":{"template":"highway","default_image_id":0,"font":"","enabled":false},"version":2}},"categories":[21],"tags":[258],"class_list":["post-11455","post","type-post","status-publish","format-standard","hentry","category-informeci","tag-cdd"],"jetpack_publicize_connections":[],"jetpack_featured_media_url":"","views":"","jetpack_sharing_enabled":true,"_links":{"self":[{"href":"https:\/\/www.pedroandretta.info\/index\/wp-json\/wp\/v2\/posts\/11455","targetHints":{"allow":["GET"]}}],"collection":[{"href":"https:\/\/www.pedroandretta.info\/index\/wp-json\/wp\/v2\/posts"}],"about":[{"href":"https:\/\/www.pedroandretta.info\/index\/wp-json\/wp\/v2\/types\/post"}],"author":[{"embeddable":true,"href":"https:\/\/www.pedroandretta.info\/index\/wp-json\/wp\/v2\/users\/1"}],"replies":[{"embeddable":true,"href":"https:\/\/www.pedroandretta.info\/index\/wp-json\/wp\/v2\/comments?post=11455"}],"version-history":[{"count":0,"href":"https:\/\/www.pedroandretta.info\/index\/wp-json\/wp\/v2\/posts\/11455\/revisions"}],"wp:attachment":[{"href":"https:\/\/www.pedroandretta.info\/index\/wp-json\/wp\/v2\/media?parent=11455"}],"wp:term":[{"taxonomy":"category","embeddable":true,"href":"https:\/\/www.pedroandretta.info\/index\/wp-json\/wp\/v2\/categories?post=11455"},{"taxonomy":"post_tag","embeddable":true,"href":"https:\/\/www.pedroandretta.info\/index\/wp-json\/wp\/v2\/tags?post=11455"}],"curies":[{"name":"wp","href":"https:\/\/api.w.org\/{rel}","templated":true}]}}