{"id":11528,"date":"2021-08-04T17:07:09","date_gmt":"2021-08-04T21:07:09","guid":{"rendered":"https:\/\/www.pedroandretta.info\/index\/?p=11528"},"modified":"2021-08-04T17:07:09","modified_gmt":"2021-08-04T21:07:09","slug":"mais-um-incendio-mais-uma-parcela-da-memoria-nacional-perdida-no-fogo-e-na-agua","status":"publish","type":"post","link":"https:\/\/www.pedroandretta.info\/index\/2021\/08\/mais-um-incendio-mais-uma-parcela-da-memoria-nacional-perdida-no-fogo-e-na-agua\/","title":{"rendered":"Mais um inc\u00eandio, mais uma parcela da mem\u00f3ria nacional perdida no fogo e na \u00e1gua&#8230;"},"content":{"rendered":"<p>[ad_1]<br \/>\n<img data-recalc-dims=\"1\" decoding=\"async\" src=\"https:\/\/i0.wp.com\/www.pedroandretta.info\/index\/wp-content\/uploads\/2021\/08\/Mais-um-incendio-mais-uma-parcela-da-memoria-nacional-perdida.png?w=696&#038;ssl=1\"\/><\/p>\n<blockquote class=\"twitter-tweet\">\n<p lang=\"pt\" dir=\"ltr\">Mais um inc\u00eandio, mais uma parcela da mem\u00f3ria nacional perdida no fogo e na \u00e1gua&#8230; At\u00e9 quando? l &quot;O patrim\u00f4nio cultural brasileiro, museol\u00f3gico, arquiv\u00edstico e bibliotecon\u00f4mico, vive \u00e0 merc\u00ea do risco.&quot; <a target=\"_blank\" href=\"https:\/\/twitter.com\/hashtag\/Cinemateca?src=hash&amp;ref_src=twsrc%5Etfw\" rel=\"noopener\">#Cinemateca<\/a> <a target=\"_blank\" href=\"https:\/\/twitter.com\/hashtag\/MuseuNacional?src=hash&amp;ref_src=twsrc%5Etfw\" rel=\"noopener\">#MuseuNacional<\/a> via COFEM <a target=\"_blank\" href=\"https:\/\/t.co\/5EryRBbEjW\" rel=\"noopener\">https:\/\/t.co\/5EryRBbEjW<\/a><\/p>\n<p>&mdash; Pedro Andretta (@pedroisandretta) <a target=\"_blank\" href=\"https:\/\/twitter.com\/pedroisandretta\/status\/1423027754522583045?ref_src=twsrc%5Etfw\" rel=\"noopener\">August 4, 2021<\/a><\/p><\/blockquote>\n<p><script async src=\"https:\/\/platform.twitter.com\/widgets.js\" charset=\"utf-8\"><\/script><\/p>\n<p>[ad_2]<br \/>\n<br \/><a href=\"https:\/\/twitter.com\/pedroisandretta\/statuses\/1423027754522583045\">Fonte<\/a> : Projeto <a href=\"https:\/\/www.pedroandretta.info\/informeci\">Informe-CI<\/a><\/p>\n","protected":false},"excerpt":{"rendered":"<p>[ad_1] Mais um inc\u00eandio, mais uma parcela da mem\u00f3ria nacional perdida no fogo e na \u00e1gua&#8230; At\u00e9 quando? l &quot;O patrim\u00f4nio cultural brasileiro, museol\u00f3gico, arquiv\u00edstico e bibliotecon\u00f4mico, vive \u00e0 merc\u00ea do risco.&quot; #Cinemateca #MuseuNacional via COFEM https:\/\/t.co\/5EryRBbEjW &mdash; Pedro Andretta (@pedroisandretta) August 4, 2021 [ad_2] Fonte : Projeto Informe-CI<\/p>\n","protected":false},"author":1,"featured_media":11529,"comment_status":"open","ping_status":"open","sticky":false,"template":"","format":"standard","meta":{"_jetpack_newsletter_access":"","_jetpack_dont_email_post_to_subs":false,"_jetpack_newsletter_tier_id":0,"_jetpack_memberships_contains_paywalled_content":false,"_jetpack_feature_clip_id":0,"_jetpack_memberships_contains_paid_content":false,"footnotes":"","jetpack_publicize_message":"","jetpack_publicize_feature_enabled":true,"jetpack_social_post_already_shared":true,"jetpack_social_options":{"image_generator_settings":{"template":"highway","default_image_id":0,"font":"","enabled":false},"version":2},"jetpack_post_was_ever_published":false},"categories":[21],"tags":[874,3757,473],"class_list":["post-11528","post","type-post","status-publish","format-standard","has-post-thumbnail","hentry","category-informeci","tag-cinemateca","tag-incendios","tag-museunacional"],"jetpack_publicize_connections":[],"jetpack_featured_media_url":"https:\/\/i0.wp.com\/www.pedroandretta.info\/index\/wp-content\/uploads\/2021\/08\/Mais-um-incendio-mais-uma-parcela-da-memoria-nacional-perdida.png?fit=820%2C313&ssl=1","views":"","jetpack_sharing_enabled":true,"_links":{"self":[{"href":"https:\/\/www.pedroandretta.info\/index\/wp-json\/wp\/v2\/posts\/11528","targetHints":{"allow":["GET"]}}],"collection":[{"href":"https:\/\/www.pedroandretta.info\/index\/wp-json\/wp\/v2\/posts"}],"about":[{"href":"https:\/\/www.pedroandretta.info\/index\/wp-json\/wp\/v2\/types\/post"}],"author":[{"embeddable":true,"href":"https:\/\/www.pedroandretta.info\/index\/wp-json\/wp\/v2\/users\/1"}],"replies":[{"embeddable":true,"href":"https:\/\/www.pedroandretta.info\/index\/wp-json\/wp\/v2\/comments?post=11528"}],"version-history":[{"count":0,"href":"https:\/\/www.pedroandretta.info\/index\/wp-json\/wp\/v2\/posts\/11528\/revisions"}],"wp:featuredmedia":[{"embeddable":true,"href":"https:\/\/www.pedroandretta.info\/index\/wp-json\/wp\/v2\/media\/11529"}],"wp:attachment":[{"href":"https:\/\/www.pedroandretta.info\/index\/wp-json\/wp\/v2\/media?parent=11528"}],"wp:term":[{"taxonomy":"category","embeddable":true,"href":"https:\/\/www.pedroandretta.info\/index\/wp-json\/wp\/v2\/categories?post=11528"},{"taxonomy":"post_tag","embeddable":true,"href":"https:\/\/www.pedroandretta.info\/index\/wp-json\/wp\/v2\/tags?post=11528"}],"curies":[{"name":"wp","href":"https:\/\/api.w.org\/{rel}","templated":true}]}}