{"id":11536,"date":"2021-08-05T15:13:34","date_gmt":"2021-08-05T19:13:34","guid":{"rendered":"https:\/\/www.pedroandretta.info\/index\/?p=11536"},"modified":"2021-08-05T15:13:34","modified_gmt":"2021-08-05T19:13:34","slug":"o-papel-de-pais-e-professores-no-uso-produtivo-das-tecnologias-de-informacao-e-c","status":"publish","type":"post","link":"https:\/\/www.pedroandretta.info\/index\/2021\/08\/o-papel-de-pais-e-professores-no-uso-produtivo-das-tecnologias-de-informacao-e-c\/","title":{"rendered":"O papel de pais e professores no uso produtivo das Tecnologias de Informa\u00e7\u00e3o e C&#8230;"},"content":{"rendered":"<p>[ad_1]<\/p>\n<blockquote class=\"twitter-tweet\">\n<p lang=\"pt\" dir=\"ltr\">O papel de pais e professores no uso produtivo das Tecnologias de Informa\u00e7\u00e3o e Comunica\u00e7\u00e3o l \u201cA tecnologia, se bem utilizada, torna-se uma importante aliada dos educadores em sala de aula [&#8230;]\u201d <a target=\"_blank\" href=\"https:\/\/twitter.com\/hashtag\/TecnologiasDigitais?src=hash&amp;ref_src=twsrc%5Etfw\" rel=\"noopener\">#TecnologiasDigitais<\/a> <a target=\"_blank\" href=\"https:\/\/twitter.com\/hashtag\/Pais?src=hash&amp;ref_src=twsrc%5Etfw\" rel=\"noopener\">#Pais<\/a> <a target=\"_blank\" href=\"https:\/\/twitter.com\/hashtag\/Professores?src=hash&amp;ref_src=twsrc%5Etfw\" rel=\"noopener\">#Professores<\/a> <a target=\"_blank\" href=\"https:\/\/t.co\/oE424Bb2mI\" rel=\"noopener\">https:\/\/t.co\/oE424Bb2mI<\/a> <a target=\"_blank\" href=\"https:\/\/t.co\/IgEQTCj1wi\" rel=\"noopener\">pic.twitter.com\/IgEQTCj1wi<\/a><\/p>\n<p>&mdash; Pedro Andretta (@pedroisandretta) <a target=\"_blank\" href=\"https:\/\/twitter.com\/pedroisandretta\/status\/1423361554779627521?ref_src=twsrc%5Etfw\" rel=\"noopener\">August 5, 2021<\/a><\/p><\/blockquote>\n<p><script async src=\"https:\/\/platform.twitter.com\/widgets.js\" charset=\"utf-8\"><\/script><\/p>\n<p>[ad_2]<br \/>\n<br \/><a href=\"https:\/\/twitter.com\/pedroisandretta\/statuses\/1423361554779627521\">Fonte<\/a> : Projeto <a href=\"https:\/\/www.pedroandretta.info\/informeci\">Informe-CI<\/a><\/p>\n","protected":false},"excerpt":{"rendered":"<p>[ad_1] O papel de pais e professores no uso produtivo das Tecnologias de Informa\u00e7\u00e3o e Comunica\u00e7\u00e3o l \u201cA tecnologia, se bem utilizada, torna-se uma importante aliada dos educadores em sala de aula [&#8230;]\u201d #TecnologiasDigitais #Pais #Professores https:\/\/t.co\/oE424Bb2mI pic.twitter.com\/IgEQTCj1wi &mdash; Pedro Andretta (@pedroisandretta) August 5, 2021 [ad_2] Fonte : Projeto Informe-CI<\/p>\n","protected":false},"author":1,"featured_media":11537,"comment_status":"open","ping_status":"open","sticky":false,"template":"","format":"standard","meta":{"_jetpack_memberships_contains_paid_content":false,"footnotes":"","jetpack_publicize_message":"","jetpack_publicize_feature_enabled":true,"jetpack_social_post_already_shared":true,"jetpack_social_options":{"image_generator_settings":{"template":"highway","default_image_id":0,"font":"","enabled":false},"version":2}},"categories":[21],"tags":[148,44,551],"class_list":["post-11536","post","type-post","status-publish","format-standard","has-post-thumbnail","hentry","category-informeci","tag-pais","tag-professores","tag-tecnologiasdigitais"],"jetpack_publicize_connections":[],"jetpack_featured_media_url":"https:\/\/i0.wp.com\/www.pedroandretta.info\/index\/wp-content\/uploads\/2021\/08\/O-papel-de-pais-e-professores-no-uso-produtivo-das.jpg?fit=628%2C898&ssl=1","views":"","jetpack_sharing_enabled":true,"_links":{"self":[{"href":"https:\/\/www.pedroandretta.info\/index\/wp-json\/wp\/v2\/posts\/11536","targetHints":{"allow":["GET"]}}],"collection":[{"href":"https:\/\/www.pedroandretta.info\/index\/wp-json\/wp\/v2\/posts"}],"about":[{"href":"https:\/\/www.pedroandretta.info\/index\/wp-json\/wp\/v2\/types\/post"}],"author":[{"embeddable":true,"href":"https:\/\/www.pedroandretta.info\/index\/wp-json\/wp\/v2\/users\/1"}],"replies":[{"embeddable":true,"href":"https:\/\/www.pedroandretta.info\/index\/wp-json\/wp\/v2\/comments?post=11536"}],"version-history":[{"count":0,"href":"https:\/\/www.pedroandretta.info\/index\/wp-json\/wp\/v2\/posts\/11536\/revisions"}],"wp:featuredmedia":[{"embeddable":true,"href":"https:\/\/www.pedroandretta.info\/index\/wp-json\/wp\/v2\/media\/11537"}],"wp:attachment":[{"href":"https:\/\/www.pedroandretta.info\/index\/wp-json\/wp\/v2\/media?parent=11536"}],"wp:term":[{"taxonomy":"category","embeddable":true,"href":"https:\/\/www.pedroandretta.info\/index\/wp-json\/wp\/v2\/categories?post=11536"},{"taxonomy":"post_tag","embeddable":true,"href":"https:\/\/www.pedroandretta.info\/index\/wp-json\/wp\/v2\/tags?post=11536"}],"curies":[{"name":"wp","href":"https:\/\/api.w.org\/{rel}","templated":true}]}}