{"id":11550,"date":"2021-08-06T14:34:22","date_gmt":"2021-08-06T18:34:22","guid":{"rendered":"https:\/\/www.pedroandretta.info\/index\/?p=11550"},"modified":"2021-08-06T14:34:22","modified_gmt":"2021-08-06T18:34:22","slug":"o-recem-inaugurado-museu-da-radio-nacional-l-o-museu-da-radio-nacional-conta-co","status":"publish","type":"post","link":"https:\/\/www.pedroandretta.info\/index\/2021\/08\/o-recem-inaugurado-museu-da-radio-nacional-l-o-museu-da-radio-nacional-conta-co\/","title":{"rendered":"O rec\u00e9m-inaugurado Museu da R\u00e1dio Nacional l &#8220;O Museu da R\u00e1dio Nacional conta co&#8230;"},"content":{"rendered":"<p>[ad_1]<\/p>\n<blockquote class=\"twitter-tweet\">\n<p lang=\"pt\" dir=\"ltr\">O rec\u00e9m-inaugurado Museu da R\u00e1dio Nacional l &quot;O Museu da R\u00e1dio Nacional conta com uma r\u00e9plica do est\u00fadio utilizado na grava\u00e7\u00e3o da primeira radionovela do pa\u00eds, &#39;Em Busca da Felicidade&#39;, que foi ao ar em 1941.&quot; <a target=\"_blank\" href=\"https:\/\/twitter.com\/hashtag\/R%C3%A1dio?src=hash&amp;ref_src=twsrc%5Etfw\" rel=\"noopener\">#R\u00e1dio<\/a> <a target=\"_blank\" href=\"https:\/\/twitter.com\/hashtag\/Museu?src=hash&amp;ref_src=twsrc%5Etfw\" rel=\"noopener\">#Museu<\/a> via Click Museus <a target=\"_blank\" href=\"https:\/\/t.co\/Q6p2XAhNL3\" rel=\"noopener\">https:\/\/t.co\/Q6p2XAhNL3<\/a><\/p>\n<p>&mdash; Pedro Andretta (@pedroisandretta) <a target=\"_blank\" href=\"https:\/\/twitter.com\/pedroisandretta\/status\/1423714081425477632?ref_src=twsrc%5Etfw\" rel=\"noopener\">August 6, 2021<\/a><\/p><\/blockquote>\n<p><script async src=\"https:\/\/platform.twitter.com\/widgets.js\" charset=\"utf-8\"><\/script><\/p>\n<p>[ad_2]<br \/>\n<br \/><a href=\"https:\/\/twitter.com\/pedroisandretta\/statuses\/1423714081425477632\">Fonte<\/a> : Projeto <a href=\"https:\/\/www.pedroandretta.info\/informeci\">Informe-CI<\/a><\/p>\n","protected":false},"excerpt":{"rendered":"<p>[ad_1] O rec\u00e9m-inaugurado Museu da R\u00e1dio Nacional l &quot;O Museu da R\u00e1dio Nacional conta com uma r\u00e9plica do est\u00fadio utilizado na grava\u00e7\u00e3o da primeira radionovela do pa\u00eds, &#39;Em Busca da Felicidade&#39;, que foi ao ar em 1941.&quot; #R\u00e1dio #Museu via Click Museus https:\/\/t.co\/Q6p2XAhNL3 &mdash; Pedro Andretta (@pedroisandretta) August 6, 2021 [ad_2] Fonte : Projeto Informe-CI<\/p>\n","protected":false},"author":1,"featured_media":0,"comment_status":"open","ping_status":"open","sticky":false,"template":"","format":"standard","meta":{"_jetpack_memberships_contains_paid_content":false,"footnotes":"","jetpack_publicize_message":"","jetpack_publicize_feature_enabled":true,"jetpack_social_post_already_shared":true,"jetpack_social_options":{"image_generator_settings":{"template":"highway","default_image_id":0,"font":"","enabled":false},"version":2}},"categories":[21],"tags":[34,1112],"class_list":["post-11550","post","type-post","status-publish","format-standard","hentry","category-informeci","tag-museus","tag-radio"],"jetpack_publicize_connections":[],"jetpack_featured_media_url":"","views":"","jetpack_sharing_enabled":true,"_links":{"self":[{"href":"https:\/\/www.pedroandretta.info\/index\/wp-json\/wp\/v2\/posts\/11550","targetHints":{"allow":["GET"]}}],"collection":[{"href":"https:\/\/www.pedroandretta.info\/index\/wp-json\/wp\/v2\/posts"}],"about":[{"href":"https:\/\/www.pedroandretta.info\/index\/wp-json\/wp\/v2\/types\/post"}],"author":[{"embeddable":true,"href":"https:\/\/www.pedroandretta.info\/index\/wp-json\/wp\/v2\/users\/1"}],"replies":[{"embeddable":true,"href":"https:\/\/www.pedroandretta.info\/index\/wp-json\/wp\/v2\/comments?post=11550"}],"version-history":[{"count":0,"href":"https:\/\/www.pedroandretta.info\/index\/wp-json\/wp\/v2\/posts\/11550\/revisions"}],"wp:attachment":[{"href":"https:\/\/www.pedroandretta.info\/index\/wp-json\/wp\/v2\/media?parent=11550"}],"wp:term":[{"taxonomy":"category","embeddable":true,"href":"https:\/\/www.pedroandretta.info\/index\/wp-json\/wp\/v2\/categories?post=11550"},{"taxonomy":"post_tag","embeddable":true,"href":"https:\/\/www.pedroandretta.info\/index\/wp-json\/wp\/v2\/tags?post=11550"}],"curies":[{"name":"wp","href":"https:\/\/api.w.org\/{rel}","templated":true}]}}