{"id":11557,"date":"2021-08-06T15:06:07","date_gmt":"2021-08-06T19:06:07","guid":{"rendered":"https:\/\/www.pedroandretta.info\/index\/?p=11557"},"modified":"2021-08-06T15:06:07","modified_gmt":"2021-08-06T19:06:07","slug":"diretrizes-para-periodicos-que-desejam-estabelecer-uma-politica-de-dados-relac","status":"publish","type":"post","link":"https:\/\/www.pedroandretta.info\/index\/2021\/08\/diretrizes-para-periodicos-que-desejam-estabelecer-uma-politica-de-dados-relac\/","title":{"rendered":"Diretrizes para peri\u00f3dicos que desejam estabelecer uma &#8216;pol\u00edtica de dados&#8217; relac&#8230;"},"content":{"rendered":"<p>[ad_1]<\/p>\n<blockquote class=\"twitter-tweet\">\n<p lang=\"pt\" dir=\"ltr\">Diretrizes para peri\u00f3dicos que desejam estabelecer uma &#39;pol\u00edtica de dados&#39; relacionada \u00e0s suas publica\u00e7\u00f5es l &quot;Uma <a target=\"_blank\" href=\"https:\/\/twitter.com\/hashtag\/Pol%C3%ADticaDeDados?src=hash&amp;ref_src=twsrc%5Etfw\" rel=\"noopener\">#Pol\u00edticaDeDados<\/a> define o que <a target=\"_blank\" href=\"https:\/\/twitter.com\/hashtag\/Peri%C3%B3dico?src=hash&amp;ref_src=twsrc%5Etfw\" rel=\"noopener\">#Peri\u00f3dico<\/a> espera de seus autores em termos de gest\u00e3o e compartilhamento dos dados das suas publica\u00e7\u00f5es&quot; <a target=\"_blank\" href=\"https:\/\/t.co\/yHJbjt9dH0\" rel=\"noopener\">https:\/\/t.co\/yHJbjt9dH0<\/a> <a target=\"_blank\" href=\"https:\/\/t.co\/X3iiitQuFq\" rel=\"noopener\">pic.twitter.com\/X3iiitQuFq<\/a><\/p>\n<p>&mdash; Pedro Andretta (@pedroisandretta) <a target=\"_blank\" href=\"https:\/\/twitter.com\/pedroisandretta\/status\/1423722069578092544?ref_src=twsrc%5Etfw\" rel=\"noopener\">August 6, 2021<\/a><\/p><\/blockquote>\n<p><script async src=\"https:\/\/platform.twitter.com\/widgets.js\" charset=\"utf-8\"><\/script><\/p>\n<p>[ad_2]<br \/>\n<br \/><a href=\"https:\/\/twitter.com\/pedroisandretta\/statuses\/1423722069578092544\">Fonte<\/a> : Projeto <a href=\"https:\/\/www.pedroandretta.info\/informeci\">Informe-CI<\/a><\/p>\n","protected":false},"excerpt":{"rendered":"<p>[ad_1] Diretrizes para peri\u00f3dicos que desejam estabelecer uma &#39;pol\u00edtica de dados&#39; relacionada \u00e0s suas publica\u00e7\u00f5es l &quot;Uma #Pol\u00edticaDeDados define o que #Peri\u00f3dico espera de seus autores em termos de gest\u00e3o e compartilhamento dos dados das suas publica\u00e7\u00f5es&quot; https:\/\/t.co\/yHJbjt9dH0 pic.twitter.com\/X3iiitQuFq &mdash; Pedro Andretta (@pedroisandretta) August 6, 2021 [ad_2] Fonte : Projeto Informe-CI<\/p>\n","protected":false},"author":1,"featured_media":11558,"comment_status":"open","ping_status":"open","sticky":false,"template":"","format":"standard","meta":{"_jetpack_memberships_contains_paid_content":false,"footnotes":"","jetpack_publicize_message":"","jetpack_publicize_feature_enabled":true,"jetpack_social_post_already_shared":true,"jetpack_social_options":{"image_generator_settings":{"template":"highway","default_image_id":0,"font":"","enabled":false},"version":2}},"categories":[21],"tags":[243,2519],"class_list":["post-11557","post","type-post","status-publish","format-standard","has-post-thumbnail","hentry","category-informeci","tag-periodicos","tag-politicadedados"],"jetpack_publicize_connections":[],"jetpack_featured_media_url":"https:\/\/i0.wp.com\/www.pedroandretta.info\/index\/wp-content\/uploads\/2021\/08\/Diretrizes-para-periodicos-que-desejam-estabelecer-uma-politica-de-dados.jpg?fit=539%2C768&ssl=1","views":"","jetpack_sharing_enabled":true,"_links":{"self":[{"href":"https:\/\/www.pedroandretta.info\/index\/wp-json\/wp\/v2\/posts\/11557","targetHints":{"allow":["GET"]}}],"collection":[{"href":"https:\/\/www.pedroandretta.info\/index\/wp-json\/wp\/v2\/posts"}],"about":[{"href":"https:\/\/www.pedroandretta.info\/index\/wp-json\/wp\/v2\/types\/post"}],"author":[{"embeddable":true,"href":"https:\/\/www.pedroandretta.info\/index\/wp-json\/wp\/v2\/users\/1"}],"replies":[{"embeddable":true,"href":"https:\/\/www.pedroandretta.info\/index\/wp-json\/wp\/v2\/comments?post=11557"}],"version-history":[{"count":0,"href":"https:\/\/www.pedroandretta.info\/index\/wp-json\/wp\/v2\/posts\/11557\/revisions"}],"wp:featuredmedia":[{"embeddable":true,"href":"https:\/\/www.pedroandretta.info\/index\/wp-json\/wp\/v2\/media\/11558"}],"wp:attachment":[{"href":"https:\/\/www.pedroandretta.info\/index\/wp-json\/wp\/v2\/media?parent=11557"}],"wp:term":[{"taxonomy":"category","embeddable":true,"href":"https:\/\/www.pedroandretta.info\/index\/wp-json\/wp\/v2\/categories?post=11557"},{"taxonomy":"post_tag","embeddable":true,"href":"https:\/\/www.pedroandretta.info\/index\/wp-json\/wp\/v2\/tags?post=11557"}],"curies":[{"name":"wp","href":"https:\/\/api.w.org\/{rel}","templated":true}]}}