{"id":11615,"date":"2021-08-11T14:50:38","date_gmt":"2021-08-11T18:50:38","guid":{"rendered":"https:\/\/www.pedroandretta.info\/index\/?p=11615"},"modified":"2021-08-11T14:50:38","modified_gmt":"2021-08-11T18:50:38","slug":"o-brasileiro-esta-mais-alerta-sobre-fake-news-mas-ficou-paranoico-l-oito-em-c","status":"publish","type":"post","link":"https:\/\/www.pedroandretta.info\/index\/2021\/08\/o-brasileiro-esta-mais-alerta-sobre-fake-news-mas-ficou-paranoico-l-oito-em-c\/","title":{"rendered":"O brasileiro est\u00e1 mais alerta sobre fake news &#8211; mas ficou paranoico l &#8220;Oito em c&#8230;"},"content":{"rendered":"<p>[ad_1]<br \/>\n<img data-recalc-dims=\"1\" decoding=\"async\" src=\"https:\/\/i0.wp.com\/www.pedroandretta.info\/index\/wp-content\/uploads\/2021\/08\/O-brasileiro-esta-mais-alerta-sobre-fake-news-mas.jpg?w=696&#038;ssl=1\"\/><\/p>\n<blockquote class=\"twitter-tweet\">\n<p lang=\"pt\" dir=\"ltr\">O brasileiro est\u00e1 mais alerta sobre fake news &#8211; mas ficou paranoico l &quot;Oito em cada dez brasileiros dizem que not\u00edcias falsas s\u00e3o um problema grave. Quase nenhuma institui\u00e7\u00e3o escapou da onda de desconfian\u00e7a&quot; <a target=\"_blank\" href=\"https:\/\/twitter.com\/hashtag\/Desinforma%C3%A7%C3%A3o?src=hash&amp;ref_src=twsrc%5Etfw\" rel=\"noopener\">#Desinforma\u00e7\u00e3o<\/a> <a target=\"_blank\" href=\"https:\/\/twitter.com\/hashtag\/RedesSociais?src=hash&amp;ref_src=twsrc%5Etfw\" rel=\"noopener\">#RedesSociais<\/a> <a target=\"_blank\" href=\"https:\/\/twitter.com\/hashtag\/Pol%C3%ADtica?src=hash&amp;ref_src=twsrc%5Etfw\" rel=\"noopener\">#Pol\u00edtica<\/a> via Exame <a target=\"_blank\" href=\"https:\/\/t.co\/vG2hI3ENqX\" rel=\"noopener\">https:\/\/t.co\/vG2hI3ENqX<\/a><\/p>\n<p>&mdash; Pedro Andretta (@pedroisandretta) <a target=\"_blank\" href=\"https:\/\/twitter.com\/pedroisandretta\/status\/1425530114100670472?ref_src=twsrc%5Etfw\" rel=\"noopener\">August 11, 2021<\/a><\/p><\/blockquote>\n<p><script async src=\"https:\/\/platform.twitter.com\/widgets.js\" charset=\"utf-8\"><\/script><\/p>\n<p>[ad_2]<br \/>\n<br \/><a href=\"https:\/\/twitter.com\/pedroisandretta\/statuses\/1425530114100670472\">Fonte<\/a> : Projeto <a href=\"https:\/\/www.pedroandretta.info\/informeci\">Informe-CI<\/a><\/p>\n","protected":false},"excerpt":{"rendered":"<p>[ad_1] O brasileiro est\u00e1 mais alerta sobre fake news &#8211; mas ficou paranoico l &quot;Oito em cada dez brasileiros dizem que not\u00edcias falsas s\u00e3o um problema grave. Quase nenhuma institui\u00e7\u00e3o escapou da onda de desconfian\u00e7a&quot; #Desinforma\u00e7\u00e3o #RedesSociais #Pol\u00edtica via Exame https:\/\/t.co\/vG2hI3ENqX &mdash; Pedro Andretta (@pedroisandretta) August 11, 2021 [ad_2] Fonte : Projeto Informe-CI<\/p>\n","protected":false},"author":1,"featured_media":11616,"comment_status":"open","ping_status":"open","sticky":false,"template":"","format":"standard","meta":{"_jetpack_memberships_contains_paid_content":false,"footnotes":"","jetpack_publicize_message":"","jetpack_publicize_feature_enabled":true,"jetpack_social_post_already_shared":true,"jetpack_social_options":{"image_generator_settings":{"template":"highway","default_image_id":0,"font":"","enabled":false},"version":2}},"categories":[21],"tags":[142,412,154],"class_list":["post-11615","post","type-post","status-publish","format-standard","has-post-thumbnail","hentry","category-informeci","tag-desinformacao","tag-politica","tag-redessociais"],"jetpack_publicize_connections":[],"jetpack_featured_media_url":"https:\/\/i0.wp.com\/www.pedroandretta.info\/index\/wp-content\/uploads\/2021\/08\/O-brasileiro-esta-mais-alerta-sobre-fake-news-mas.jpg?fit=640%2C335&ssl=1","views":"","jetpack_sharing_enabled":true,"_links":{"self":[{"href":"https:\/\/www.pedroandretta.info\/index\/wp-json\/wp\/v2\/posts\/11615","targetHints":{"allow":["GET"]}}],"collection":[{"href":"https:\/\/www.pedroandretta.info\/index\/wp-json\/wp\/v2\/posts"}],"about":[{"href":"https:\/\/www.pedroandretta.info\/index\/wp-json\/wp\/v2\/types\/post"}],"author":[{"embeddable":true,"href":"https:\/\/www.pedroandretta.info\/index\/wp-json\/wp\/v2\/users\/1"}],"replies":[{"embeddable":true,"href":"https:\/\/www.pedroandretta.info\/index\/wp-json\/wp\/v2\/comments?post=11615"}],"version-history":[{"count":0,"href":"https:\/\/www.pedroandretta.info\/index\/wp-json\/wp\/v2\/posts\/11615\/revisions"}],"wp:featuredmedia":[{"embeddable":true,"href":"https:\/\/www.pedroandretta.info\/index\/wp-json\/wp\/v2\/media\/11616"}],"wp:attachment":[{"href":"https:\/\/www.pedroandretta.info\/index\/wp-json\/wp\/v2\/media?parent=11615"}],"wp:term":[{"taxonomy":"category","embeddable":true,"href":"https:\/\/www.pedroandretta.info\/index\/wp-json\/wp\/v2\/categories?post=11615"},{"taxonomy":"post_tag","embeddable":true,"href":"https:\/\/www.pedroandretta.info\/index\/wp-json\/wp\/v2\/tags?post=11615"}],"curies":[{"name":"wp","href":"https:\/\/api.w.org\/{rel}","templated":true}]}}