{"id":11617,"date":"2021-08-11T15:01:58","date_gmt":"2021-08-11T19:01:58","guid":{"rendered":"https:\/\/www.pedroandretta.info\/index\/?p=11617"},"modified":"2021-08-11T15:01:58","modified_gmt":"2021-08-11T19:01:58","slug":"prime-day-da-amazon-faz-venda-de-livros-explodir-no-brasil-l-entre-junho-e-ju","status":"publish","type":"post","link":"https:\/\/www.pedroandretta.info\/index\/2021\/08\/prime-day-da-amazon-faz-venda-de-livros-explodir-no-brasil-l-entre-junho-e-ju\/","title":{"rendered":"&#8220;Prime Day&#8221; da Amazon faz venda de livros explodir no Brasil l &#8220;Entre junho e ju&#8230;"},"content":{"rendered":"<p>[ad_1]<br \/>\n<img data-recalc-dims=\"1\" decoding=\"async\" src=\"https:\/\/i0.wp.com\/www.pedroandretta.info\/index\/wp-content\/uploads\/2021\/08\/Prime-Day-da-Amazon-faz-venda-de-livros-explodir-no.jpg?w=696&#038;ssl=1\"\/><\/p>\n<blockquote class=\"twitter-tweet\">\n<p lang=\"pt\" dir=\"ltr\">&quot;Prime Day&quot; da Amazon faz venda de livros explodir no Brasil l &quot;Entre junho e julho, a venda de livros cresceu 59,29% em rela\u00e7\u00e3o a igual per\u00edodo de 2020.&quot; <a target=\"_blank\" href=\"https:\/\/twitter.com\/hashtag\/MercadoEditorial?src=hash&amp;ref_src=twsrc%5Etfw\" rel=\"noopener\">#MercadoEditorial<\/a> <a target=\"_blank\" href=\"https:\/\/twitter.com\/hashtag\/Amazon?src=hash&amp;ref_src=twsrc%5Etfw\" rel=\"noopener\">#Amazon<\/a> via PublishNews <a target=\"_blank\" href=\"https:\/\/t.co\/x1ysJcfNmw\" rel=\"noopener\">https:\/\/t.co\/x1ysJcfNmw<\/a><\/p>\n<p>&mdash; Pedro Andretta (@pedroisandretta) <a target=\"_blank\" href=\"https:\/\/twitter.com\/pedroisandretta\/status\/1425532962658045986?ref_src=twsrc%5Etfw\" rel=\"noopener\">August 11, 2021<\/a><\/p><\/blockquote>\n<p><script async src=\"https:\/\/platform.twitter.com\/widgets.js\" charset=\"utf-8\"><\/script><\/p>\n<p>[ad_2]<br \/>\n<br \/><a href=\"https:\/\/twitter.com\/pedroisandretta\/statuses\/1425532962658045986\">Fonte<\/a> : Projeto <a href=\"https:\/\/www.pedroandretta.info\/informeci\">Informe-CI<\/a><\/p>\n","protected":false},"excerpt":{"rendered":"<p>[ad_1] &quot;Prime Day&quot; da Amazon faz venda de livros explodir no Brasil l &quot;Entre junho e julho, a venda de livros cresceu 59,29% em rela\u00e7\u00e3o a igual per\u00edodo de 2020.&quot; #MercadoEditorial #Amazon via PublishNews https:\/\/t.co\/x1ysJcfNmw &mdash; Pedro Andretta (@pedroisandretta) August 11, 2021 [ad_2] Fonte : Projeto Informe-CI<\/p>\n","protected":false},"author":1,"featured_media":11618,"comment_status":"open","ping_status":"open","sticky":false,"template":"","format":"standard","meta":{"_jetpack_memberships_contains_paid_content":false,"footnotes":"","jetpack_publicize_message":"","jetpack_publicize_feature_enabled":true,"jetpack_social_post_already_shared":true,"jetpack_social_options":{"image_generator_settings":{"template":"highway","default_image_id":0,"font":"","enabled":false},"version":2}},"categories":[21],"tags":[521,367],"class_list":["post-11617","post","type-post","status-publish","format-standard","has-post-thumbnail","hentry","category-informeci","tag-amazon","tag-mercadoeditorial"],"jetpack_publicize_connections":[],"jetpack_featured_media_url":"https:\/\/i0.wp.com\/www.pedroandretta.info\/index\/wp-content\/uploads\/2021\/08\/Prime-Day-da-Amazon-faz-venda-de-livros-explodir-no.jpg?fit=750%2C500&ssl=1","views":"","jetpack_sharing_enabled":true,"_links":{"self":[{"href":"https:\/\/www.pedroandretta.info\/index\/wp-json\/wp\/v2\/posts\/11617","targetHints":{"allow":["GET"]}}],"collection":[{"href":"https:\/\/www.pedroandretta.info\/index\/wp-json\/wp\/v2\/posts"}],"about":[{"href":"https:\/\/www.pedroandretta.info\/index\/wp-json\/wp\/v2\/types\/post"}],"author":[{"embeddable":true,"href":"https:\/\/www.pedroandretta.info\/index\/wp-json\/wp\/v2\/users\/1"}],"replies":[{"embeddable":true,"href":"https:\/\/www.pedroandretta.info\/index\/wp-json\/wp\/v2\/comments?post=11617"}],"version-history":[{"count":0,"href":"https:\/\/www.pedroandretta.info\/index\/wp-json\/wp\/v2\/posts\/11617\/revisions"}],"wp:featuredmedia":[{"embeddable":true,"href":"https:\/\/www.pedroandretta.info\/index\/wp-json\/wp\/v2\/media\/11618"}],"wp:attachment":[{"href":"https:\/\/www.pedroandretta.info\/index\/wp-json\/wp\/v2\/media?parent=11617"}],"wp:term":[{"taxonomy":"category","embeddable":true,"href":"https:\/\/www.pedroandretta.info\/index\/wp-json\/wp\/v2\/categories?post=11617"},{"taxonomy":"post_tag","embeddable":true,"href":"https:\/\/www.pedroandretta.info\/index\/wp-json\/wp\/v2\/tags?post=11617"}],"curies":[{"name":"wp","href":"https:\/\/api.w.org\/{rel}","templated":true}]}}