{"id":11624,"date":"2021-08-12T01:21:15","date_gmt":"2021-08-12T05:21:15","guid":{"rendered":"https:\/\/www.pedroandretta.info\/index\/?p=11624"},"modified":"2021-08-12T01:21:15","modified_gmt":"2021-08-12T05:21:15","slug":"a-crianca-na-perspectiva-da-biblioteconomia-e-da-ciencia-da-informacao-a-contri","status":"publish","type":"post","link":"https:\/\/www.pedroandretta.info\/index\/2021\/08\/a-crianca-na-perspectiva-da-biblioteconomia-e-da-ciencia-da-informacao-a-contri\/","title":{"rendered":"A crian\u00e7a na perspectiva da Biblioteconomia e da Ci\u00eancia da Informa\u00e7\u00e3o: a contri&#8230;"},"content":{"rendered":"<p>[ad_1]<\/p>\n<blockquote class=\"twitter-tweet\">\n<p lang=\"pt\" dir=\"ltr\">A crian\u00e7a na perspectiva da Biblioteconomia e da Ci\u00eancia da Informa\u00e7\u00e3o: a contribui\u00e7\u00e3o dos estudos de usu\u00e1rios para o desenvolvimento da compet\u00eancia informacional infantil l <a target=\"_blank\" href=\"https:\/\/twitter.com\/hashtag\/EstudosDeUsu%C3%A1rios?src=hash&amp;ref_src=twsrc%5Etfw\" rel=\"noopener\">#EstudosDeUsu\u00e1rios<\/a> <a target=\"_blank\" href=\"https:\/\/twitter.com\/hashtag\/Crian%C3%A7as?src=hash&amp;ref_src=twsrc%5Etfw\" rel=\"noopener\">#Crian\u00e7as<\/a> <a target=\"_blank\" href=\"https:\/\/twitter.com\/hashtag\/CoInfo?src=hash&amp;ref_src=twsrc%5Etfw\" rel=\"noopener\">#CoInfo<\/a> <a target=\"_blank\" href=\"https:\/\/twitter.com\/hashtag\/BibliotecasEscolares?src=hash&amp;ref_src=twsrc%5Etfw\" rel=\"noopener\">#BibliotecasEscolares<\/a> <a target=\"_blank\" href=\"https:\/\/t.co\/8PJDoHKnjJ\" rel=\"noopener\">https:\/\/t.co\/8PJDoHKnjJ<\/a> <a target=\"_blank\" href=\"https:\/\/t.co\/R2RdAQkvGM\" rel=\"noopener\">pic.twitter.com\/R2RdAQkvGM<\/a><\/p>\n<p>&mdash; Pedro Andretta (@pedroisandretta) <a target=\"_blank\" href=\"https:\/\/twitter.com\/pedroisandretta\/status\/1425688813607784456?ref_src=twsrc%5Etfw\" rel=\"noopener\">August 12, 2021<\/a><\/p><\/blockquote>\n<p><script async src=\"https:\/\/platform.twitter.com\/widgets.js\" charset=\"utf-8\"><\/script><\/p>\n<p>[ad_2]<br \/>\n<br \/><a href=\"https:\/\/twitter.com\/pedroisandretta\/statuses\/1425688813607784456\">Fonte<\/a> : Projeto <a href=\"https:\/\/www.pedroandretta.info\/informeci\">Informe-CI<\/a><\/p>\n","protected":false},"excerpt":{"rendered":"<p>[ad_1] A crian\u00e7a na perspectiva da Biblioteconomia e da Ci\u00eancia da Informa\u00e7\u00e3o: a contribui\u00e7\u00e3o dos estudos de usu\u00e1rios para o desenvolvimento da compet\u00eancia informacional infantil l #EstudosDeUsu\u00e1rios #Crian\u00e7as #CoInfo #BibliotecasEscolares https:\/\/t.co\/8PJDoHKnjJ pic.twitter.com\/R2RdAQkvGM &mdash; Pedro Andretta (@pedroisandretta) August 12, 2021 [ad_2] Fonte : Projeto Informe-CI<\/p>\n","protected":false},"author":1,"featured_media":11625,"comment_status":"open","ping_status":"open","sticky":false,"template":"","format":"standard","meta":{"_jetpack_memberships_contains_paid_content":false,"footnotes":"","jetpack_publicize_message":"","jetpack_publicize_feature_enabled":true,"jetpack_social_post_already_shared":true,"jetpack_social_options":{"image_generator_settings":{"template":"highway","default_image_id":0,"font":"","enabled":false},"version":2}},"categories":[21],"tags":[79,46,147,948],"class_list":["post-11624","post","type-post","status-publish","format-standard","has-post-thumbnail","hentry","category-informeci","tag-bibliotecasescolares","tag-coinfo","tag-criancas","tag-estudosdeusuarios"],"jetpack_publicize_connections":[],"jetpack_featured_media_url":"https:\/\/i0.wp.com\/www.pedroandretta.info\/index\/wp-content\/uploads\/2021\/08\/A-crianca-na-perspectiva-da-Biblioteconomia-e-da-Ciencia-da.jpg?fit=640%2C900&ssl=1","views":"","jetpack_sharing_enabled":true,"_links":{"self":[{"href":"https:\/\/www.pedroandretta.info\/index\/wp-json\/wp\/v2\/posts\/11624","targetHints":{"allow":["GET"]}}],"collection":[{"href":"https:\/\/www.pedroandretta.info\/index\/wp-json\/wp\/v2\/posts"}],"about":[{"href":"https:\/\/www.pedroandretta.info\/index\/wp-json\/wp\/v2\/types\/post"}],"author":[{"embeddable":true,"href":"https:\/\/www.pedroandretta.info\/index\/wp-json\/wp\/v2\/users\/1"}],"replies":[{"embeddable":true,"href":"https:\/\/www.pedroandretta.info\/index\/wp-json\/wp\/v2\/comments?post=11624"}],"version-history":[{"count":0,"href":"https:\/\/www.pedroandretta.info\/index\/wp-json\/wp\/v2\/posts\/11624\/revisions"}],"wp:featuredmedia":[{"embeddable":true,"href":"https:\/\/www.pedroandretta.info\/index\/wp-json\/wp\/v2\/media\/11625"}],"wp:attachment":[{"href":"https:\/\/www.pedroandretta.info\/index\/wp-json\/wp\/v2\/media?parent=11624"}],"wp:term":[{"taxonomy":"category","embeddable":true,"href":"https:\/\/www.pedroandretta.info\/index\/wp-json\/wp\/v2\/categories?post=11624"},{"taxonomy":"post_tag","embeddable":true,"href":"https:\/\/www.pedroandretta.info\/index\/wp-json\/wp\/v2\/tags?post=11624"}],"curies":[{"name":"wp","href":"https:\/\/api.w.org\/{rel}","templated":true}]}}