{"id":11646,"date":"2021-08-13T16:53:53","date_gmt":"2021-08-13T20:53:53","guid":{"rendered":"https:\/\/www.pedroandretta.info\/index\/?p=11646"},"modified":"2021-08-13T16:53:53","modified_gmt":"2021-08-13T20:53:53","slug":"a-presenca-social-do-livro-cultura-material-e-publico-juvenil-l-toda-criacao-h","status":"publish","type":"post","link":"https:\/\/www.pedroandretta.info\/index\/2021\/08\/a-presenca-social-do-livro-cultura-material-e-publico-juvenil-l-toda-criacao-h\/","title":{"rendered":"A presen\u00e7a social do livro: cultura material e p\u00fablico juvenil l &#8220;Toda cria\u00e7\u00e3o h&#8230;"},"content":{"rendered":"<p>[ad_1]<\/p>\n<blockquote class=\"twitter-tweet\">\n<p lang=\"pt\" dir=\"ltr\">A presen\u00e7a social do livro: cultura material e p\u00fablico juvenil l &quot;Toda cria\u00e7\u00e3o humana \u00e9 produ\u00e7\u00e3o de cultura, seja ela de qual ordem for&quot;, &quot;O livro impresso circula e \u00e9 vis\u00edvel, ou seja, tem presen\u00e7a social&quot; <a target=\"_blank\" href=\"https:\/\/twitter.com\/hashtag\/LeituraEscritaECultura?src=hash&amp;ref_src=twsrc%5Etfw\" rel=\"noopener\">#LeituraEscritaECultura<\/a> <a target=\"_blank\" href=\"https:\/\/twitter.com\/hashtag\/Livros?src=hash&amp;ref_src=twsrc%5Etfw\" rel=\"noopener\">#Livros<\/a> <a target=\"_blank\" href=\"https:\/\/twitter.com\/hashtag\/CulturaMaterial?src=hash&amp;ref_src=twsrc%5Etfw\" rel=\"noopener\">#CulturaMaterial<\/a>  <a target=\"_blank\" href=\"https:\/\/t.co\/FBRs1U6J6o\" rel=\"noopener\">https:\/\/t.co\/FBRs1U6J6o<\/a> <a target=\"_blank\" href=\"https:\/\/t.co\/DO8G6CW2YR\" rel=\"noopener\">pic.twitter.com\/DO8G6CW2YR<\/a><\/p>\n<p>&mdash; Pedro Andretta (@pedroisandretta) <a target=\"_blank\" href=\"https:\/\/twitter.com\/pedroisandretta\/status\/1426285903811653632?ref_src=twsrc%5Etfw\" rel=\"noopener\">August 13, 2021<\/a><\/p><\/blockquote>\n<p><script async src=\"https:\/\/platform.twitter.com\/widgets.js\" charset=\"utf-8\"><\/script><\/p>\n<p>[ad_2]<br \/>\n<br \/><a href=\"https:\/\/twitter.com\/pedroisandretta\/statuses\/1426285903811653632\">Fonte<\/a> : Projeto <a href=\"https:\/\/www.pedroandretta.info\/informeci\">Informe-CI<\/a><\/p>\n","protected":false},"excerpt":{"rendered":"<p>[ad_1] A presen\u00e7a social do livro: cultura material e p\u00fablico juvenil l &quot;Toda cria\u00e7\u00e3o humana \u00e9 produ\u00e7\u00e3o de cultura, seja ela de qual ordem for&quot;, &quot;O livro impresso circula e \u00e9 vis\u00edvel, ou seja, tem presen\u00e7a social&quot; #LeituraEscritaECultura #Livros #CulturaMaterial https:\/\/t.co\/FBRs1U6J6o pic.twitter.com\/DO8G6CW2YR &mdash; Pedro Andretta (@pedroisandretta) August 13, 2021 [ad_2] Fonte : Projeto Informe-CI<\/p>\n","protected":false},"author":1,"featured_media":11647,"comment_status":"open","ping_status":"open","sticky":false,"template":"","format":"standard","meta":{"_jetpack_memberships_contains_paid_content":false,"footnotes":"","jetpack_publicize_message":"","jetpack_publicize_feature_enabled":true,"jetpack_social_post_already_shared":true,"jetpack_social_options":{"image_generator_settings":{"template":"highway","default_image_id":0,"font":"","enabled":false},"version":2}},"categories":[21],"tags":[2539,434,63],"class_list":["post-11646","post","type-post","status-publish","format-standard","has-post-thumbnail","hentry","category-informeci","tag-culturamaterial","tag-leituraescritaecultura","tag-livros"],"jetpack_publicize_connections":[],"jetpack_featured_media_url":"https:\/\/i0.wp.com\/www.pedroandretta.info\/index\/wp-content\/uploads\/2021\/08\/A-presenca-social-do-livro-cultura-material-e-publico-juvenil.png?fit=537%2C760&ssl=1","views":"","jetpack_sharing_enabled":true,"_links":{"self":[{"href":"https:\/\/www.pedroandretta.info\/index\/wp-json\/wp\/v2\/posts\/11646","targetHints":{"allow":["GET"]}}],"collection":[{"href":"https:\/\/www.pedroandretta.info\/index\/wp-json\/wp\/v2\/posts"}],"about":[{"href":"https:\/\/www.pedroandretta.info\/index\/wp-json\/wp\/v2\/types\/post"}],"author":[{"embeddable":true,"href":"https:\/\/www.pedroandretta.info\/index\/wp-json\/wp\/v2\/users\/1"}],"replies":[{"embeddable":true,"href":"https:\/\/www.pedroandretta.info\/index\/wp-json\/wp\/v2\/comments?post=11646"}],"version-history":[{"count":0,"href":"https:\/\/www.pedroandretta.info\/index\/wp-json\/wp\/v2\/posts\/11646\/revisions"}],"wp:featuredmedia":[{"embeddable":true,"href":"https:\/\/www.pedroandretta.info\/index\/wp-json\/wp\/v2\/media\/11647"}],"wp:attachment":[{"href":"https:\/\/www.pedroandretta.info\/index\/wp-json\/wp\/v2\/media?parent=11646"}],"wp:term":[{"taxonomy":"category","embeddable":true,"href":"https:\/\/www.pedroandretta.info\/index\/wp-json\/wp\/v2\/categories?post=11646"},{"taxonomy":"post_tag","embeddable":true,"href":"https:\/\/www.pedroandretta.info\/index\/wp-json\/wp\/v2\/tags?post=11646"}],"curies":[{"name":"wp","href":"https:\/\/api.w.org\/{rel}","templated":true}]}}