{"id":11650,"date":"2021-08-13T16:39:19","date_gmt":"2021-08-13T20:39:19","guid":{"rendered":"https:\/\/www.pedroandretta.info\/index\/?p=11650"},"modified":"2021-08-13T16:39:19","modified_gmt":"2021-08-13T20:39:19","slug":"a-verdadeira-historia-do-livro-menina-bonita-do-laco-de-fita-l-um-livro-nao-e","status":"publish","type":"post","link":"https:\/\/www.pedroandretta.info\/index\/2021\/08\/a-verdadeira-historia-do-livro-menina-bonita-do-laco-de-fita-l-um-livro-nao-e\/","title":{"rendered":"A verdadeira hist\u00f3ria do livro &#8220;Menina Bonita do la\u00e7o de fita&#8221; l &#8220;Um livro n\u00e3o \u00e9&#8230;"},"content":{"rendered":"<p>[ad_1]<\/p>\n<blockquote class=\"twitter-tweet\">\n<p lang=\"pt\" dir=\"ltr\">A verdadeira hist\u00f3ria do livro &quot;Menina Bonita do la\u00e7o de fita&quot; l &quot;Um livro n\u00e3o \u00e9 apenas aquilo que est\u00e1 escrito nele, mas tamb\u00e9m a leitura que o leitor faz desse texto. Os dois processos s\u00e3o ideol\u00f3gicos.&quot; <a target=\"_blank\" href=\"https:\/\/twitter.com\/hashtag\/AnaMariaMachado?src=hash&amp;ref_src=twsrc%5Etfw\" rel=\"noopener\">#AnaMariaMachado<\/a> <a target=\"_blank\" href=\"https:\/\/twitter.com\/hashtag\/Media%C3%A7%C3%A3oDeLeitura?src=hash&amp;ref_src=twsrc%5Etfw\" rel=\"noopener\">#Media\u00e7\u00e3oDeLeitura<\/a>  via InfoHome <a target=\"_blank\" href=\"https:\/\/t.co\/MQGrTx3tnb\" rel=\"noopener\">https:\/\/t.co\/MQGrTx3tnb<\/a><\/p>\n<p>&mdash; Pedro Andretta (@pedroisandretta) <a target=\"_blank\" href=\"https:\/\/twitter.com\/pedroisandretta\/status\/1426282237767598084?ref_src=twsrc%5Etfw\" rel=\"noopener\">August 13, 2021<\/a><\/p><\/blockquote>\n<p><script async src=\"https:\/\/platform.twitter.com\/widgets.js\" charset=\"utf-8\"><\/script><\/p>\n<p>[ad_2]<br \/>\n<br \/><a href=\"https:\/\/twitter.com\/pedroisandretta\/statuses\/1426282237767598084\">Fonte<\/a> : Projeto <a href=\"https:\/\/www.pedroandretta.info\/informeci\">Informe-CI<\/a><\/p>\n","protected":false},"excerpt":{"rendered":"<p>[ad_1] A verdadeira hist\u00f3ria do livro &quot;Menina Bonita do la\u00e7o de fita&quot; l &quot;Um livro n\u00e3o \u00e9 apenas aquilo que est\u00e1 escrito nele, mas tamb\u00e9m a leitura que o leitor faz desse texto. Os dois processos s\u00e3o ideol\u00f3gicos.&quot; #AnaMariaMachado #Media\u00e7\u00e3oDeLeitura via InfoHome https:\/\/t.co\/MQGrTx3tnb &mdash; Pedro Andretta (@pedroisandretta) August 13, 2021 [ad_2] Fonte : Projeto Informe-CI<\/p>\n","protected":false},"author":1,"featured_media":0,"comment_status":"open","ping_status":"open","sticky":false,"template":"","format":"standard","meta":{"_jetpack_memberships_contains_paid_content":false,"footnotes":"","jetpack_publicize_message":"","jetpack_publicize_feature_enabled":true,"jetpack_social_post_already_shared":true,"jetpack_social_options":{"image_generator_settings":{"template":"highway","default_image_id":0,"font":"","enabled":false},"version":2}},"categories":[21],"tags":[2540,83],"class_list":["post-11650","post","type-post","status-publish","format-standard","hentry","category-informeci","tag-anamariamachado","tag-mediacaodeleitura"],"jetpack_publicize_connections":[],"jetpack_featured_media_url":"","views":"","jetpack_sharing_enabled":true,"_links":{"self":[{"href":"https:\/\/www.pedroandretta.info\/index\/wp-json\/wp\/v2\/posts\/11650","targetHints":{"allow":["GET"]}}],"collection":[{"href":"https:\/\/www.pedroandretta.info\/index\/wp-json\/wp\/v2\/posts"}],"about":[{"href":"https:\/\/www.pedroandretta.info\/index\/wp-json\/wp\/v2\/types\/post"}],"author":[{"embeddable":true,"href":"https:\/\/www.pedroandretta.info\/index\/wp-json\/wp\/v2\/users\/1"}],"replies":[{"embeddable":true,"href":"https:\/\/www.pedroandretta.info\/index\/wp-json\/wp\/v2\/comments?post=11650"}],"version-history":[{"count":0,"href":"https:\/\/www.pedroandretta.info\/index\/wp-json\/wp\/v2\/posts\/11650\/revisions"}],"wp:attachment":[{"href":"https:\/\/www.pedroandretta.info\/index\/wp-json\/wp\/v2\/media?parent=11650"}],"wp:term":[{"taxonomy":"category","embeddable":true,"href":"https:\/\/www.pedroandretta.info\/index\/wp-json\/wp\/v2\/categories?post=11650"},{"taxonomy":"post_tag","embeddable":true,"href":"https:\/\/www.pedroandretta.info\/index\/wp-json\/wp\/v2\/tags?post=11650"}],"curies":[{"name":"wp","href":"https:\/\/api.w.org\/{rel}","templated":true}]}}