{"id":11658,"date":"2021-08-14T17:30:00","date_gmt":"2021-08-14T21:30:00","guid":{"rendered":"https:\/\/www.pedroandretta.info\/index\/?p=11658"},"modified":"2021-08-14T17:30:00","modified_gmt":"2021-08-14T21:30:00","slug":"como-a-reforma-eleitoral-pode-afetar-candidaturas-de-mulheres-e-pessoas-negras-l","status":"publish","type":"post","link":"https:\/\/www.pedroandretta.info\/index\/2021\/08\/como-a-reforma-eleitoral-pode-afetar-candidaturas-de-mulheres-e-pessoas-negras-l\/","title":{"rendered":"Como a reforma eleitoral pode afetar candidaturas de mulheres e pessoas negras l&#8230;"},"content":{"rendered":"<p>[ad_1]<br \/>\n<img data-recalc-dims=\"1\" decoding=\"async\" src=\"https:\/\/i0.wp.com\/www.pedroandretta.info\/index\/wp-content\/uploads\/2021\/08\/Como-a-reforma-eleitoral-pode-afetar-candidaturas-de-mulheres-e.jpg?w=696&#038;ssl=1\"\/><\/p>\n<blockquote class=\"twitter-tweet\">\n<p lang=\"pt\" dir=\"ltr\">Como a reforma eleitoral pode afetar candidaturas de mulheres e pessoas negras l &quot;Mudan\u00e7as na lei v\u00e3o de encontro a decis\u00f5es judiciais que estimulam maior representatividade de minorias na pol\u00edtica&quot; <a target=\"_blank\" href=\"https:\/\/twitter.com\/hashtag\/Pol%C3%ADtica?src=hash&amp;ref_src=twsrc%5Etfw\" rel=\"noopener\">#Pol\u00edtica<\/a> <a target=\"_blank\" href=\"https:\/\/twitter.com\/hashtag\/Representatividade?src=hash&amp;ref_src=twsrc%5Etfw\" rel=\"noopener\">#Representatividade<\/a> via GN <a target=\"_blank\" href=\"https:\/\/t.co\/B33jireml5\" rel=\"noopener\">https:\/\/t.co\/B33jireml5<\/a><\/p>\n<p>&mdash; Pedro Andretta (@pedroisandretta) <a target=\"_blank\" href=\"https:\/\/twitter.com\/pedroisandretta\/status\/1426657382059462656?ref_src=twsrc%5Etfw\" rel=\"noopener\">August 14, 2021<\/a><\/p><\/blockquote>\n<p><script async src=\"https:\/\/platform.twitter.com\/widgets.js\" charset=\"utf-8\"><\/script><\/p>\n<p>[ad_2]<br \/>\n<br \/><a href=\"https:\/\/twitter.com\/pedroisandretta\/statuses\/1426657382059462656\">Fonte<\/a> : Projeto <a href=\"https:\/\/www.pedroandretta.info\/informeci\">Informe-CI<\/a><\/p>\n","protected":false},"excerpt":{"rendered":"<p>[ad_1] Como a reforma eleitoral pode afetar candidaturas de mulheres e pessoas negras l &quot;Mudan\u00e7as na lei v\u00e3o de encontro a decis\u00f5es judiciais que estimulam maior representatividade de minorias na pol\u00edtica&quot; #Pol\u00edtica #Representatividade via GN https:\/\/t.co\/B33jireml5 &mdash; Pedro Andretta (@pedroisandretta) August 14, 2021 [ad_2] Fonte : Projeto Informe-CI<\/p>\n","protected":false},"author":1,"featured_media":11659,"comment_status":"open","ping_status":"open","sticky":false,"template":"","format":"standard","meta":{"_jetpack_memberships_contains_paid_content":false,"footnotes":"","jetpack_publicize_message":"","jetpack_publicize_feature_enabled":true,"jetpack_social_post_already_shared":true,"jetpack_social_options":{"image_generator_settings":{"template":"highway","default_image_id":0,"font":"","enabled":false},"version":2}},"categories":[21],"tags":[412,953],"class_list":["post-11658","post","type-post","status-publish","format-standard","has-post-thumbnail","hentry","category-informeci","tag-politica","tag-representatividade"],"jetpack_publicize_connections":[],"jetpack_featured_media_url":"https:\/\/i0.wp.com\/www.pedroandretta.info\/index\/wp-content\/uploads\/2021\/08\/Como-a-reforma-eleitoral-pode-afetar-candidaturas-de-mulheres-e.jpg?fit=783%2C450&ssl=1","views":"","jetpack_sharing_enabled":true,"_links":{"self":[{"href":"https:\/\/www.pedroandretta.info\/index\/wp-json\/wp\/v2\/posts\/11658","targetHints":{"allow":["GET"]}}],"collection":[{"href":"https:\/\/www.pedroandretta.info\/index\/wp-json\/wp\/v2\/posts"}],"about":[{"href":"https:\/\/www.pedroandretta.info\/index\/wp-json\/wp\/v2\/types\/post"}],"author":[{"embeddable":true,"href":"https:\/\/www.pedroandretta.info\/index\/wp-json\/wp\/v2\/users\/1"}],"replies":[{"embeddable":true,"href":"https:\/\/www.pedroandretta.info\/index\/wp-json\/wp\/v2\/comments?post=11658"}],"version-history":[{"count":0,"href":"https:\/\/www.pedroandretta.info\/index\/wp-json\/wp\/v2\/posts\/11658\/revisions"}],"wp:featuredmedia":[{"embeddable":true,"href":"https:\/\/www.pedroandretta.info\/index\/wp-json\/wp\/v2\/media\/11659"}],"wp:attachment":[{"href":"https:\/\/www.pedroandretta.info\/index\/wp-json\/wp\/v2\/media?parent=11658"}],"wp:term":[{"taxonomy":"category","embeddable":true,"href":"https:\/\/www.pedroandretta.info\/index\/wp-json\/wp\/v2\/categories?post=11658"},{"taxonomy":"post_tag","embeddable":true,"href":"https:\/\/www.pedroandretta.info\/index\/wp-json\/wp\/v2\/tags?post=11658"}],"curies":[{"name":"wp","href":"https:\/\/api.w.org\/{rel}","templated":true}]}}