{"id":11668,"date":"2021-08-15T15:36:26","date_gmt":"2021-08-15T19:36:26","guid":{"rendered":"https:\/\/www.pedroandretta.info\/index\/?p=11668"},"modified":"2021-08-15T15:36:26","modified_gmt":"2021-08-15T19:36:26","slug":"literatura-de-conceicao-evaristo-resgata-a-ancestralidade-negro-brasileira-l-a","status":"publish","type":"post","link":"https:\/\/www.pedroandretta.info\/index\/2021\/08\/literatura-de-conceicao-evaristo-resgata-a-ancestralidade-negro-brasileira-l-a\/","title":{"rendered":"Literatura de Concei\u00e7\u00e3o Evaristo resgata a ancestralidade negro-brasileira l \u201cA &#8230;"},"content":{"rendered":"<p>[ad_1]<br \/>\n<img data-recalc-dims=\"1\" decoding=\"async\" src=\"https:\/\/i0.wp.com\/www.pedroandretta.info\/index\/wp-content\/uploads\/2021\/08\/Literatura-de-Conceicao-Evaristo-resgata-a-ancestralidade-negro-brasileira-l-A.jpg?w=696&#038;ssl=1\"\/><\/p>\n<blockquote class=\"twitter-tweet\">\n<p lang=\"pt\" dir=\"ltr\">Literatura de Concei\u00e7\u00e3o Evaristo resgata a ancestralidade negro-brasileira l \u201cA literatura como den\u00fancia \u00e9 uma das caracter\u00edsticas de <a target=\"_blank\" href=\"https:\/\/twitter.com\/hashtag\/Concei%C3%A7%C3%A3oEvaristo?src=hash&amp;ref_src=twsrc%5Etfw\" rel=\"noopener\">#Concei\u00e7\u00e3oEvaristo<\/a> , relatando ao leitor as dificuldades, os infort\u00fanios, o descaso social [&#8230;]\u201d via Jornal da USP <a target=\"_blank\" href=\"https:\/\/t.co\/FmnU5L8WaO\" rel=\"noopener\">https:\/\/t.co\/FmnU5L8WaO<\/a><\/p>\n<p>&mdash; Pedro Andretta (@pedroisandretta) <a target=\"_blank\" href=\"https:\/\/twitter.com\/pedroisandretta\/status\/1426991189740376068?ref_src=twsrc%5Etfw\" rel=\"noopener\">August 15, 2021<\/a><\/p><\/blockquote>\n<p><script async src=\"https:\/\/platform.twitter.com\/widgets.js\" charset=\"utf-8\"><\/script><\/p>\n<p>[ad_2]<br \/>\n<br \/><a href=\"https:\/\/twitter.com\/pedroisandretta\/statuses\/1426991189740376068\">Fonte<\/a> : Projeto <a href=\"https:\/\/www.pedroandretta.info\/informeci\">Informe-CI<\/a><\/p>\n","protected":false},"excerpt":{"rendered":"<p>[ad_1] Literatura de Concei\u00e7\u00e3o Evaristo resgata a ancestralidade negro-brasileira l \u201cA literatura como den\u00fancia \u00e9 uma das caracter\u00edsticas de #Concei\u00e7\u00e3oEvaristo , relatando ao leitor as dificuldades, os infort\u00fanios, o descaso social [&#8230;]\u201d via Jornal da USP https:\/\/t.co\/FmnU5L8WaO &mdash; Pedro Andretta (@pedroisandretta) August 15, 2021 [ad_2] Fonte : Projeto Informe-CI<\/p>\n","protected":false},"author":1,"featured_media":11669,"comment_status":"open","ping_status":"open","sticky":false,"template":"","format":"standard","meta":{"_jetpack_memberships_contains_paid_content":false,"footnotes":"","jetpack_publicize_message":"","jetpack_publicize_feature_enabled":true,"jetpack_social_post_already_shared":true,"jetpack_social_options":{"image_generator_settings":{"template":"highway","default_image_id":0,"font":"","enabled":false},"version":2}},"categories":[21],"tags":[2441],"class_list":["post-11668","post","type-post","status-publish","format-standard","has-post-thumbnail","hentry","category-informeci","tag-conceicaoevaristo"],"jetpack_publicize_connections":[],"jetpack_featured_media_url":"https:\/\/i0.wp.com\/www.pedroandretta.info\/index\/wp-content\/uploads\/2021\/08\/Literatura-de-Conceicao-Evaristo-resgata-a-ancestralidade-negro-brasileira-l-A.jpg?fit=1200%2C630&ssl=1","views":"","jetpack_sharing_enabled":true,"_links":{"self":[{"href":"https:\/\/www.pedroandretta.info\/index\/wp-json\/wp\/v2\/posts\/11668","targetHints":{"allow":["GET"]}}],"collection":[{"href":"https:\/\/www.pedroandretta.info\/index\/wp-json\/wp\/v2\/posts"}],"about":[{"href":"https:\/\/www.pedroandretta.info\/index\/wp-json\/wp\/v2\/types\/post"}],"author":[{"embeddable":true,"href":"https:\/\/www.pedroandretta.info\/index\/wp-json\/wp\/v2\/users\/1"}],"replies":[{"embeddable":true,"href":"https:\/\/www.pedroandretta.info\/index\/wp-json\/wp\/v2\/comments?post=11668"}],"version-history":[{"count":0,"href":"https:\/\/www.pedroandretta.info\/index\/wp-json\/wp\/v2\/posts\/11668\/revisions"}],"wp:featuredmedia":[{"embeddable":true,"href":"https:\/\/www.pedroandretta.info\/index\/wp-json\/wp\/v2\/media\/11669"}],"wp:attachment":[{"href":"https:\/\/www.pedroandretta.info\/index\/wp-json\/wp\/v2\/media?parent=11668"}],"wp:term":[{"taxonomy":"category","embeddable":true,"href":"https:\/\/www.pedroandretta.info\/index\/wp-json\/wp\/v2\/categories?post=11668"},{"taxonomy":"post_tag","embeddable":true,"href":"https:\/\/www.pedroandretta.info\/index\/wp-json\/wp\/v2\/tags?post=11668"}],"curies":[{"name":"wp","href":"https:\/\/api.w.org\/{rel}","templated":true}]}}