{"id":11695,"date":"2021-08-17T18:47:27","date_gmt":"2021-08-17T22:47:27","guid":{"rendered":"https:\/\/www.pedroandretta.info\/index\/?p=11695"},"modified":"2021-08-17T18:47:27","modified_gmt":"2021-08-17T22:47:27","slug":"o-manifesto-da-biblioteca-publica-25-anos-de-advocacy-e-muitos-mais-por-vir-l","status":"publish","type":"post","link":"https:\/\/www.pedroandretta.info\/index\/2021\/08\/o-manifesto-da-biblioteca-publica-25-anos-de-advocacy-e-muitos-mais-por-vir-l\/","title":{"rendered":"O Manifesto da Biblioteca P\u00fablica &#8211; 25 anos de Advocacy e muitos mais por vir! l&#8230;"},"content":{"rendered":"<p>[ad_1]<\/p>\n<blockquote class=\"twitter-tweet\">\n<p lang=\"pt\" dir=\"ltr\">O Manifesto da Biblioteca P\u00fablica &#8211; 25 anos de Advocacy e muitos mais por vir! l &quot;[&#8230;] conforme a tecnologia avan\u00e7a e a sociedade muda, as formas pelas quais as bibliotecas p\u00fablicas cumprem sua miss\u00e3o tamb\u00e9m evolu\u00edram.&quot;  <a target=\"_blank\" href=\"https:\/\/twitter.com\/hashtag\/BibliotecasP%C3%BAblicas?src=hash&amp;ref_src=twsrc%5Etfw\" rel=\"noopener\">#BibliotecasP\u00fablicas<\/a>  \ud83c\uddea\ud83c\uddf8 via IFLA <a target=\"_blank\" href=\"https:\/\/t.co\/ZJW6lnya0T\" rel=\"noopener\">https:\/\/t.co\/ZJW6lnya0T<\/a><\/p>\n<p>&mdash; Pedro Andretta (@pedroisandretta) <a target=\"_blank\" href=\"https:\/\/twitter.com\/pedroisandretta\/status\/1427764035294990341?ref_src=twsrc%5Etfw\" rel=\"noopener\">August 17, 2021<\/a><\/p><\/blockquote>\n<p><script async src=\"https:\/\/platform.twitter.com\/widgets.js\" charset=\"utf-8\"><\/script><\/p>\n<p>[ad_2]<br \/>\n<br \/><a href=\"https:\/\/twitter.com\/pedroisandretta\/statuses\/1427764035294990341\">Fonte<\/a> : Projeto <a href=\"https:\/\/www.pedroandretta.info\/informeci\">Informe-CI<\/a><\/p>\n","protected":false},"excerpt":{"rendered":"<p>[ad_1] O Manifesto da Biblioteca P\u00fablica &#8211; 25 anos de Advocacy e muitos mais por vir! l &quot;[&#8230;] conforme a tecnologia avan\u00e7a e a sociedade muda, as formas pelas quais as bibliotecas p\u00fablicas cumprem sua miss\u00e3o tamb\u00e9m evolu\u00edram.&quot; #BibliotecasP\u00fablicas \ud83c\uddea\ud83c\uddf8 via IFLA https:\/\/t.co\/ZJW6lnya0T &mdash; Pedro Andretta (@pedroisandretta) August 17, 2021 [ad_2] Fonte : Projeto Informe-CI<\/p>\n","protected":false},"author":1,"featured_media":0,"comment_status":"open","ping_status":"open","sticky":false,"template":"","format":"standard","meta":{"_jetpack_memberships_contains_paid_content":false,"footnotes":"","jetpack_publicize_message":"","jetpack_publicize_feature_enabled":true,"jetpack_social_post_already_shared":true,"jetpack_social_options":{"image_generator_settings":{"template":"highway","default_image_id":0,"font":"","enabled":false},"version":2}},"categories":[21],"tags":[39],"class_list":["post-11695","post","type-post","status-publish","format-standard","hentry","category-informeci","tag-bibliotecaspublicas"],"jetpack_publicize_connections":[],"jetpack_featured_media_url":"","views":"","jetpack_sharing_enabled":true,"_links":{"self":[{"href":"https:\/\/www.pedroandretta.info\/index\/wp-json\/wp\/v2\/posts\/11695","targetHints":{"allow":["GET"]}}],"collection":[{"href":"https:\/\/www.pedroandretta.info\/index\/wp-json\/wp\/v2\/posts"}],"about":[{"href":"https:\/\/www.pedroandretta.info\/index\/wp-json\/wp\/v2\/types\/post"}],"author":[{"embeddable":true,"href":"https:\/\/www.pedroandretta.info\/index\/wp-json\/wp\/v2\/users\/1"}],"replies":[{"embeddable":true,"href":"https:\/\/www.pedroandretta.info\/index\/wp-json\/wp\/v2\/comments?post=11695"}],"version-history":[{"count":0,"href":"https:\/\/www.pedroandretta.info\/index\/wp-json\/wp\/v2\/posts\/11695\/revisions"}],"wp:attachment":[{"href":"https:\/\/www.pedroandretta.info\/index\/wp-json\/wp\/v2\/media?parent=11695"}],"wp:term":[{"taxonomy":"category","embeddable":true,"href":"https:\/\/www.pedroandretta.info\/index\/wp-json\/wp\/v2\/categories?post=11695"},{"taxonomy":"post_tag","embeddable":true,"href":"https:\/\/www.pedroandretta.info\/index\/wp-json\/wp\/v2\/tags?post=11695"}],"curies":[{"name":"wp","href":"https:\/\/api.w.org\/{rel}","templated":true}]}}