{"id":11705,"date":"2021-08-18T14:18:54","date_gmt":"2021-08-18T18:18:54","guid":{"rendered":"https:\/\/www.pedroandretta.info\/index\/?p=11705"},"modified":"2021-08-18T14:18:54","modified_gmt":"2021-08-18T18:18:54","slug":"a-educacao-pelo-afeto-nos-transforma-l-o-essencial-na-educacao-continua-s","status":"publish","type":"post","link":"https:\/\/www.pedroandretta.info\/index\/2021\/08\/a-educacao-pelo-afeto-nos-transforma-l-o-essencial-na-educacao-continua-s\/","title":{"rendered":"A educa\u00e7\u00e3o pelo afeto nos transforma l &#8220;[&#8230;] o essencial na educa\u00e7\u00e3o continua s&#8230;"},"content":{"rendered":"<p>[ad_1]<\/p>\n<blockquote class=\"twitter-tweet\">\n<p lang=\"pt\" dir=\"ltr\">A educa\u00e7\u00e3o pelo afeto nos transforma l &quot;[&#8230;] o essencial na educa\u00e7\u00e3o continua sendo a qualidade dos relacionamentos entre todos os participantes (no presencial, no digital, nos espa\u00e7os formais e informais).&quot; <a target=\"_blank\" href=\"https:\/\/twitter.com\/hashtag\/Escolas?src=hash&amp;ref_src=twsrc%5Etfw\" rel=\"noopener\">#Escolas<\/a> <a target=\"_blank\" href=\"https:\/\/twitter.com\/hashtag\/Educa%C3%A7%C3%A3o?src=hash&amp;ref_src=twsrc%5Etfw\" rel=\"noopener\">#Educa\u00e7\u00e3o<\/a> via Educa\u00e7\u00e3o Transformadora <a target=\"_blank\" href=\"https:\/\/t.co\/Y9Dh7fx8RH\" rel=\"noopener\">https:\/\/t.co\/Y9Dh7fx8RH<\/a><\/p>\n<p>&mdash; Pedro Andretta (@pedroisandretta) <a target=\"_blank\" href=\"https:\/\/twitter.com\/pedroisandretta\/status\/1428058843234381826?ref_src=twsrc%5Etfw\" rel=\"noopener\">August 18, 2021<\/a><\/p><\/blockquote>\n<p><script async src=\"https:\/\/platform.twitter.com\/widgets.js\" charset=\"utf-8\"><\/script><\/p>\n<p>[ad_2]<br \/>\n<br \/><a href=\"https:\/\/twitter.com\/pedroisandretta\/statuses\/1428058843234381826\">Fonte<\/a> : Projeto <a href=\"https:\/\/www.pedroandretta.info\/informeci\">Informe-CI<\/a><\/p>\n","protected":false},"excerpt":{"rendered":"<p>[ad_1] A educa\u00e7\u00e3o pelo afeto nos transforma l &quot;[&#8230;] o essencial na educa\u00e7\u00e3o continua sendo a qualidade dos relacionamentos entre todos os participantes (no presencial, no digital, nos espa\u00e7os formais e informais).&quot; #Escolas #Educa\u00e7\u00e3o via Educa\u00e7\u00e3o Transformadora https:\/\/t.co\/Y9Dh7fx8RH &mdash; Pedro Andretta (@pedroisandretta) August 18, 2021 [ad_2] Fonte : Projeto Informe-CI<\/p>\n","protected":false},"author":1,"featured_media":0,"comment_status":"open","ping_status":"open","sticky":false,"template":"","format":"standard","meta":{"_jetpack_memberships_contains_paid_content":false,"footnotes":"","jetpack_publicize_message":"","jetpack_publicize_feature_enabled":true,"jetpack_social_post_already_shared":true,"jetpack_social_options":{"image_generator_settings":{"template":"highway","default_image_id":0,"font":"","enabled":false},"version":2}},"categories":[21],"tags":[45,81],"class_list":["post-11705","post","type-post","status-publish","format-standard","hentry","category-informeci","tag-educacao","tag-escolas"],"jetpack_publicize_connections":[],"jetpack_featured_media_url":"","views":"","jetpack_sharing_enabled":true,"_links":{"self":[{"href":"https:\/\/www.pedroandretta.info\/index\/wp-json\/wp\/v2\/posts\/11705","targetHints":{"allow":["GET"]}}],"collection":[{"href":"https:\/\/www.pedroandretta.info\/index\/wp-json\/wp\/v2\/posts"}],"about":[{"href":"https:\/\/www.pedroandretta.info\/index\/wp-json\/wp\/v2\/types\/post"}],"author":[{"embeddable":true,"href":"https:\/\/www.pedroandretta.info\/index\/wp-json\/wp\/v2\/users\/1"}],"replies":[{"embeddable":true,"href":"https:\/\/www.pedroandretta.info\/index\/wp-json\/wp\/v2\/comments?post=11705"}],"version-history":[{"count":0,"href":"https:\/\/www.pedroandretta.info\/index\/wp-json\/wp\/v2\/posts\/11705\/revisions"}],"wp:attachment":[{"href":"https:\/\/www.pedroandretta.info\/index\/wp-json\/wp\/v2\/media?parent=11705"}],"wp:term":[{"taxonomy":"category","embeddable":true,"href":"https:\/\/www.pedroandretta.info\/index\/wp-json\/wp\/v2\/categories?post=11705"},{"taxonomy":"post_tag","embeddable":true,"href":"https:\/\/www.pedroandretta.info\/index\/wp-json\/wp\/v2\/tags?post=11705"}],"curies":[{"name":"wp","href":"https:\/\/api.w.org\/{rel}","templated":true}]}}