{"id":11713,"date":"2021-08-18T14:26:05","date_gmt":"2021-08-18T18:26:05","guid":{"rendered":"https:\/\/www.pedroandretta.info\/index\/?p=11713"},"modified":"2021-08-18T14:26:05","modified_gmt":"2021-08-18T18:26:05","slug":"monumento-em-sp-homenageara-maria-carolina-de-jesus-l-anuncio-vem-na-esteira-do","status":"publish","type":"post","link":"https:\/\/www.pedroandretta.info\/index\/2021\/08\/monumento-em-sp-homenageara-maria-carolina-de-jesus-l-anuncio-vem-na-esteira-do\/","title":{"rendered":"Monumento em SP homenagear\u00e1 Maria Carolina de Jesus l &#8220;An\u00fancio vem na esteira do&#8230;"},"content":{"rendered":"<p>[ad_1]<br \/>\n<img data-recalc-dims=\"1\" decoding=\"async\" src=\"https:\/\/i0.wp.com\/www.pedroandretta.info\/index\/wp-content\/uploads\/2021\/08\/Monumento-em-SP-homenageara-Maria-Carolina-de-Jesus-l-Anuncio.jpg?w=696&#038;ssl=1\"\/><\/p>\n<blockquote class=\"twitter-tweet\">\n<p lang=\"pt\" dir=\"ltr\">Monumento em SP homenagear\u00e1 Maria Carolina de Jesus l &quot;An\u00fancio vem na esteira do debate sobre homenagens a personalidades pol\u00eamicas e da manifesta\u00e7\u00e3o de movimentos sociais que culminou com a queima da est\u00e1tua de Borba Gato[&#8230;]&quot; <a target=\"_blank\" href=\"https:\/\/twitter.com\/hashtag\/Monumentos?src=hash&amp;ref_src=twsrc%5Etfw\" rel=\"noopener\">#Monumentos<\/a> via PublishNews <a target=\"_blank\" href=\"https:\/\/t.co\/pEM0Dx46xH\" rel=\"noopener\">https:\/\/t.co\/pEM0Dx46xH<\/a><\/p>\n<p>&mdash; Pedro Andretta (@pedroisandretta) <a target=\"_blank\" href=\"https:\/\/twitter.com\/pedroisandretta\/status\/1428060650304155650?ref_src=twsrc%5Etfw\" rel=\"noopener\">August 18, 2021<\/a><\/p><\/blockquote>\n<p><script async src=\"https:\/\/platform.twitter.com\/widgets.js\" charset=\"utf-8\"><\/script><\/p>\n<p>[ad_2]<br \/>\n<br \/><a href=\"https:\/\/twitter.com\/pedroisandretta\/statuses\/1428060650304155650\">Fonte<\/a> : Projeto <a href=\"https:\/\/www.pedroandretta.info\/informeci\">Informe-CI<\/a><\/p>\n","protected":false},"excerpt":{"rendered":"<p>[ad_1] Monumento em SP homenagear\u00e1 Maria Carolina de Jesus l &quot;An\u00fancio vem na esteira do debate sobre homenagens a personalidades pol\u00eamicas e da manifesta\u00e7\u00e3o de movimentos sociais que culminou com a queima da est\u00e1tua de Borba Gato[&#8230;]&quot; #Monumentos via PublishNews https:\/\/t.co\/pEM0Dx46xH &mdash; Pedro Andretta (@pedroisandretta) August 18, 2021 [ad_2] Fonte : Projeto Informe-CI<\/p>\n","protected":false},"author":1,"featured_media":11714,"comment_status":"open","ping_status":"open","sticky":false,"template":"","format":"standard","meta":{"_jetpack_memberships_contains_paid_content":false,"footnotes":"","jetpack_publicize_message":"","jetpack_publicize_feature_enabled":true,"jetpack_social_post_already_shared":true,"jetpack_social_options":{"image_generator_settings":{"template":"highway","default_image_id":0,"font":"","enabled":false},"version":2}},"categories":[21],"tags":[1020],"class_list":["post-11713","post","type-post","status-publish","format-standard","has-post-thumbnail","hentry","category-informeci","tag-monumentos"],"jetpack_publicize_connections":[],"jetpack_featured_media_url":"https:\/\/i0.wp.com\/www.pedroandretta.info\/index\/wp-content\/uploads\/2021\/08\/Monumento-em-SP-homenageara-Maria-Carolina-de-Jesus-l-Anuncio.jpg?fit=466%2C285&ssl=1","views":"","jetpack_sharing_enabled":true,"_links":{"self":[{"href":"https:\/\/www.pedroandretta.info\/index\/wp-json\/wp\/v2\/posts\/11713","targetHints":{"allow":["GET"]}}],"collection":[{"href":"https:\/\/www.pedroandretta.info\/index\/wp-json\/wp\/v2\/posts"}],"about":[{"href":"https:\/\/www.pedroandretta.info\/index\/wp-json\/wp\/v2\/types\/post"}],"author":[{"embeddable":true,"href":"https:\/\/www.pedroandretta.info\/index\/wp-json\/wp\/v2\/users\/1"}],"replies":[{"embeddable":true,"href":"https:\/\/www.pedroandretta.info\/index\/wp-json\/wp\/v2\/comments?post=11713"}],"version-history":[{"count":0,"href":"https:\/\/www.pedroandretta.info\/index\/wp-json\/wp\/v2\/posts\/11713\/revisions"}],"wp:featuredmedia":[{"embeddable":true,"href":"https:\/\/www.pedroandretta.info\/index\/wp-json\/wp\/v2\/media\/11714"}],"wp:attachment":[{"href":"https:\/\/www.pedroandretta.info\/index\/wp-json\/wp\/v2\/media?parent=11713"}],"wp:term":[{"taxonomy":"category","embeddable":true,"href":"https:\/\/www.pedroandretta.info\/index\/wp-json\/wp\/v2\/categories?post=11713"},{"taxonomy":"post_tag","embeddable":true,"href":"https:\/\/www.pedroandretta.info\/index\/wp-json\/wp\/v2\/tags?post=11713"}],"curies":[{"name":"wp","href":"https:\/\/api.w.org\/{rel}","templated":true}]}}