{"id":11717,"date":"2021-08-19T16:43:05","date_gmt":"2021-08-19T20:43:05","guid":{"rendered":"https:\/\/www.pedroandretta.info\/index\/?p=11717"},"modified":"2021-08-19T16:43:05","modified_gmt":"2021-08-19T20:43:05","slug":"tag-lanca-colecao-com-obras-de-autores-negros-l-livros-de-lima-barreto-toni-mo","status":"publish","type":"post","link":"https:\/\/www.pedroandretta.info\/index\/2021\/08\/tag-lanca-colecao-com-obras-de-autores-negros-l-livros-de-lima-barreto-toni-mo\/","title":{"rendered":"TAG lan\u00e7a cole\u00e7\u00e3o com obras de autores negros l &#8220;Livros de Lima Barreto, Toni Mo&#8230;"},"content":{"rendered":"<p>[ad_1]<\/p>\n<blockquote class=\"twitter-tweet\">\n<p lang=\"pt\" dir=\"ltr\">TAG lan\u00e7a cole\u00e7\u00e3o com obras de autores negros l &quot;Livros de Lima Barreto, Toni Morrison e Chimamanda Ngozi Adichie comp\u00f5em a s\u00e9rie \u201cVozes Negras\u201d, que inclui ainda conte\u00fados extras online&quot; <a target=\"_blank\" href=\"https:\/\/twitter.com\/hashtag\/TAG?src=hash&amp;ref_src=twsrc%5Etfw\" rel=\"noopener\">#TAG<\/a> <a target=\"_blank\" href=\"https:\/\/twitter.com\/hashtag\/EscritorasNegras?src=hash&amp;ref_src=twsrc%5Etfw\" rel=\"noopener\">#EscritorasNegras<\/a> <a target=\"_blank\" href=\"https:\/\/twitter.com\/hashtag\/EscritoresNegros?src=hash&amp;ref_src=twsrc%5Etfw\" rel=\"noopener\">#EscritoresNegros<\/a> via Rascunho <a target=\"_blank\" href=\"https:\/\/t.co\/6xghXYgjyt\" rel=\"noopener\">https:\/\/t.co\/6xghXYgjyt<\/a><\/p>\n<p>&mdash; Pedro Andretta (@pedroisandretta) <a target=\"_blank\" href=\"https:\/\/twitter.com\/pedroisandretta\/status\/1428457515210223620?ref_src=twsrc%5Etfw\" rel=\"noopener\">August 19, 2021<\/a><\/p><\/blockquote>\n<p><script async src=\"https:\/\/platform.twitter.com\/widgets.js\" charset=\"utf-8\"><\/script><\/p>\n<p>[ad_2]<br \/>\n<br \/><a href=\"https:\/\/twitter.com\/pedroisandretta\/statuses\/1428457515210223620\">Fonte<\/a> : Projeto <a href=\"https:\/\/www.pedroandretta.info\/informeci\">Informe-CI<\/a><\/p>\n","protected":false},"excerpt":{"rendered":"<p>[ad_1] TAG lan\u00e7a cole\u00e7\u00e3o com obras de autores negros l &quot;Livros de Lima Barreto, Toni Morrison e Chimamanda Ngozi Adichie comp\u00f5em a s\u00e9rie \u201cVozes Negras\u201d, que inclui ainda conte\u00fados extras online&quot; #TAG #EscritorasNegras #EscritoresNegros via Rascunho https:\/\/t.co\/6xghXYgjyt &mdash; Pedro Andretta (@pedroisandretta) August 19, 2021 [ad_2] Fonte : Projeto Informe-CI<\/p>\n","protected":false},"author":1,"featured_media":0,"comment_status":"open","ping_status":"open","sticky":false,"template":"","format":"standard","meta":{"_jetpack_memberships_contains_paid_content":false,"footnotes":"","jetpack_publicize_message":"","jetpack_publicize_feature_enabled":true,"jetpack_social_post_already_shared":true,"jetpack_social_options":{"image_generator_settings":{"template":"highway","default_image_id":0,"font":"","enabled":false},"version":2}},"categories":[21],"tags":[2130,1238,1264],"class_list":["post-11717","post","type-post","status-publish","format-standard","hentry","category-informeci","tag-escritorasnegras","tag-escritoresnegros","tag-tag"],"jetpack_publicize_connections":[],"jetpack_featured_media_url":"","views":"","jetpack_sharing_enabled":true,"_links":{"self":[{"href":"https:\/\/www.pedroandretta.info\/index\/wp-json\/wp\/v2\/posts\/11717","targetHints":{"allow":["GET"]}}],"collection":[{"href":"https:\/\/www.pedroandretta.info\/index\/wp-json\/wp\/v2\/posts"}],"about":[{"href":"https:\/\/www.pedroandretta.info\/index\/wp-json\/wp\/v2\/types\/post"}],"author":[{"embeddable":true,"href":"https:\/\/www.pedroandretta.info\/index\/wp-json\/wp\/v2\/users\/1"}],"replies":[{"embeddable":true,"href":"https:\/\/www.pedroandretta.info\/index\/wp-json\/wp\/v2\/comments?post=11717"}],"version-history":[{"count":0,"href":"https:\/\/www.pedroandretta.info\/index\/wp-json\/wp\/v2\/posts\/11717\/revisions"}],"wp:attachment":[{"href":"https:\/\/www.pedroandretta.info\/index\/wp-json\/wp\/v2\/media?parent=11717"}],"wp:term":[{"taxonomy":"category","embeddable":true,"href":"https:\/\/www.pedroandretta.info\/index\/wp-json\/wp\/v2\/categories?post=11717"},{"taxonomy":"post_tag","embeddable":true,"href":"https:\/\/www.pedroandretta.info\/index\/wp-json\/wp\/v2\/tags?post=11717"}],"curies":[{"name":"wp","href":"https:\/\/api.w.org\/{rel}","templated":true}]}}