{"id":11755,"date":"2021-08-22T18:37:55","date_gmt":"2021-08-22T22:37:55","guid":{"rendered":"https:\/\/www.pedroandretta.info\/index\/?p=11755"},"modified":"2021-08-22T18:37:55","modified_gmt":"2021-08-22T22:37:55","slug":"o-impacto-do-hibrido-na-escola-a-partir-de-agora-l-entrevista-de-jose-moran-ao","status":"publish","type":"post","link":"https:\/\/www.pedroandretta.info\/index\/2021\/08\/o-impacto-do-hibrido-na-escola-a-partir-de-agora-l-entrevista-de-jose-moran-ao\/","title":{"rendered":"O impacto do h\u00edbrido na escola, a partir de agora l #Entrevista de Jos\u00e9 Moran ao&#8230;"},"content":{"rendered":"<p>[ad_1]<\/p>\n<blockquote class=\"twitter-tweet\">\n<p lang=\"pt\" dir=\"ltr\">O impacto do h\u00edbrido na escola, a partir de agora l <a target=\"_blank\" href=\"https:\/\/twitter.com\/hashtag\/Entrevista?src=hash&amp;ref_src=twsrc%5Etfw\" rel=\"noopener\">#Entrevista<\/a> de Jos\u00e9 Moran ao Portal Porvir  (Publicada, de forma livre, com adapta\u00e7\u00f5es, no e-book &#39;Ferramentas digitais para personaliza\u00e7\u00e3o do aprendizado?&#39;&quot; <a target=\"_blank\" href=\"https:\/\/twitter.com\/hashtag\/EnsinoH%C3%ADbrido?src=hash&amp;ref_src=twsrc%5Etfw\" rel=\"noopener\">#EnsinoH\u00edbrido<\/a> via Educa\u00e7\u00e3o Transformadora <a target=\"_blank\" href=\"https:\/\/t.co\/MxQ11oyB2W\" rel=\"noopener\">https:\/\/t.co\/MxQ11oyB2W<\/a><\/p>\n<p>&mdash; Pedro Andretta (@pedroisandretta) <a target=\"_blank\" href=\"https:\/\/twitter.com\/pedroisandretta\/status\/1429573577901281283?ref_src=twsrc%5Etfw\" rel=\"noopener\">August 22, 2021<\/a><\/p><\/blockquote>\n<p><script async src=\"https:\/\/platform.twitter.com\/widgets.js\" charset=\"utf-8\"><\/script><\/p>\n<p>[ad_2]<br \/>\n<br \/><a href=\"https:\/\/twitter.com\/pedroisandretta\/statuses\/1429573577901281283\">Fonte<\/a> : Projeto <a href=\"https:\/\/www.pedroandretta.info\/informeci\">Informe-CI<\/a><\/p>\n","protected":false},"excerpt":{"rendered":"<p>[ad_1] O impacto do h\u00edbrido na escola, a partir de agora l #Entrevista de Jos\u00e9 Moran ao Portal Porvir (Publicada, de forma livre, com adapta\u00e7\u00f5es, no e-book &#39;Ferramentas digitais para personaliza\u00e7\u00e3o do aprendizado?&#39;&quot; #EnsinoH\u00edbrido via Educa\u00e7\u00e3o Transformadora https:\/\/t.co\/MxQ11oyB2W &mdash; Pedro Andretta (@pedroisandretta) August 22, 2021 [ad_2] Fonte : Projeto Informe-CI<\/p>\n","protected":false},"author":1,"featured_media":0,"comment_status":"open","ping_status":"open","sticky":false,"template":"","format":"standard","meta":{"_jetpack_memberships_contains_paid_content":false,"footnotes":"","jetpack_publicize_message":"","jetpack_publicize_feature_enabled":true,"jetpack_social_post_already_shared":true,"jetpack_social_options":{"image_generator_settings":{"template":"highway","default_image_id":0,"font":"","enabled":false},"version":2}},"categories":[21],"tags":[1471,601],"class_list":["post-11755","post","type-post","status-publish","format-standard","hentry","category-informeci","tag-ensinohibrido","tag-entrevista"],"jetpack_publicize_connections":[],"jetpack_featured_media_url":"","views":"","jetpack_sharing_enabled":true,"_links":{"self":[{"href":"https:\/\/www.pedroandretta.info\/index\/wp-json\/wp\/v2\/posts\/11755","targetHints":{"allow":["GET"]}}],"collection":[{"href":"https:\/\/www.pedroandretta.info\/index\/wp-json\/wp\/v2\/posts"}],"about":[{"href":"https:\/\/www.pedroandretta.info\/index\/wp-json\/wp\/v2\/types\/post"}],"author":[{"embeddable":true,"href":"https:\/\/www.pedroandretta.info\/index\/wp-json\/wp\/v2\/users\/1"}],"replies":[{"embeddable":true,"href":"https:\/\/www.pedroandretta.info\/index\/wp-json\/wp\/v2\/comments?post=11755"}],"version-history":[{"count":0,"href":"https:\/\/www.pedroandretta.info\/index\/wp-json\/wp\/v2\/posts\/11755\/revisions"}],"wp:attachment":[{"href":"https:\/\/www.pedroandretta.info\/index\/wp-json\/wp\/v2\/media?parent=11755"}],"wp:term":[{"taxonomy":"category","embeddable":true,"href":"https:\/\/www.pedroandretta.info\/index\/wp-json\/wp\/v2\/categories?post=11755"},{"taxonomy":"post_tag","embeddable":true,"href":"https:\/\/www.pedroandretta.info\/index\/wp-json\/wp\/v2\/tags?post=11755"}],"curies":[{"name":"wp","href":"https:\/\/api.w.org\/{rel}","templated":true}]}}