{"id":11767,"date":"2021-08-23T16:42:14","date_gmt":"2021-08-23T20:42:14","guid":{"rendered":"https:\/\/www.pedroandretta.info\/index\/?p=11767"},"modified":"2021-08-23T16:42:14","modified_gmt":"2021-08-23T20:42:14","slug":"equidade-diversidade-e-inclusao-l-pagina-do-office-for-diversity-literacy-and","status":"publish","type":"post","link":"https:\/\/www.pedroandretta.info\/index\/2021\/08\/equidade-diversidade-e-inclusao-l-pagina-do-office-for-diversity-literacy-and\/","title":{"rendered":"Equidade, diversidade e inclus\u00e3o l P\u00e1gina do Office for Diversity, Literacy and &#8230;"},"content":{"rendered":"<p>[ad_1]<\/p>\n<blockquote class=\"twitter-tweet\">\n<p lang=\"pt\" dir=\"ltr\">Equidade, diversidade e inclus\u00e3o l P\u00e1gina do Office for Diversity, Literacy and Outreach Services da ALA, com recursos, diretrizes, relat\u00f3rios e <a target=\"_blank\" href=\"https:\/\/twitter.com\/hashtag\/projetos?src=hash&amp;ref_src=twsrc%5Etfw\" rel=\"noopener\">#projetos<\/a>.  <a target=\"_blank\" href=\"https:\/\/twitter.com\/hashtag\/Bibliotecas?src=hash&amp;ref_src=twsrc%5Etfw\" rel=\"noopener\">#Bibliotecas<\/a> <a target=\"_blank\" href=\"https:\/\/twitter.com\/hashtag\/Equidade?src=hash&amp;ref_src=twsrc%5Etfw\" rel=\"noopener\">#Equidade<\/a> <a target=\"_blank\" href=\"https:\/\/twitter.com\/hashtag\/Diversidade?src=hash&amp;ref_src=twsrc%5Etfw\" rel=\"noopener\">#Diversidade<\/a> <a target=\"_blank\" href=\"https:\/\/twitter.com\/hashtag\/Inclus%C3%A3o?src=hash&amp;ref_src=twsrc%5Etfw\" rel=\"noopener\">#Inclus\u00e3o<\/a> <a target=\"_blank\" href=\"https:\/\/twitter.com\/hashtag\/Justi%C3%A7aSocial?src=hash&amp;ref_src=twsrc%5Etfw\" rel=\"noopener\">#Justi\u00e7aSocial<\/a> <a target=\"_blank\" href=\"https:\/\/twitter.com\/hashtag\/Justi%C3%A7aRacial?src=hash&amp;ref_src=twsrc%5Etfw\" rel=\"noopener\">#Justi\u00e7aRacial<\/a> <a target=\"_blank\" href=\"https:\/\/twitter.com\/hashtag\/Preconceito?src=hash&amp;ref_src=twsrc%5Etfw\" rel=\"noopener\">#Preconceito<\/a> \ud83c\uddfa\ud83c\uddf8 via ALA <a target=\"_blank\" href=\"https:\/\/t.co\/SuBNCocsni\" rel=\"noopener\">https:\/\/t.co\/SuBNCocsni<\/a><\/p>\n<p>&mdash; Pedro Andretta (@pedroisandretta) <a target=\"_blank\" href=\"https:\/\/twitter.com\/pedroisandretta\/status\/1429906853643923460?ref_src=twsrc%5Etfw\" rel=\"noopener\">August 23, 2021<\/a><\/p><\/blockquote>\n<p><script async src=\"https:\/\/platform.twitter.com\/widgets.js\" charset=\"utf-8\"><\/script><\/p>\n<p>[ad_2]<br \/>\n<br \/><a href=\"https:\/\/twitter.com\/pedroisandretta\/statuses\/1429906853643923460\">Fonte<\/a> : Projeto <a href=\"https:\/\/www.pedroandretta.info\/informeci\">Informe-CI<\/a><\/p>\n","protected":false},"excerpt":{"rendered":"<p>[ad_1] Equidade, diversidade e inclus\u00e3o l P\u00e1gina do Office for Diversity, Literacy and Outreach Services da ALA, com recursos, diretrizes, relat\u00f3rios e #projetos. #Bibliotecas #Equidade #Diversidade #Inclus\u00e3o #Justi\u00e7aSocial #Justi\u00e7aRacial #Preconceito \ud83c\uddfa\ud83c\uddf8 via ALA https:\/\/t.co\/SuBNCocsni &mdash; Pedro Andretta (@pedroisandretta) August 23, 2021 [ad_2] Fonte : Projeto Informe-CI<\/p>\n","protected":false},"author":1,"featured_media":0,"comment_status":"open","ping_status":"open","sticky":false,"template":"","format":"standard","meta":{"_jetpack_memberships_contains_paid_content":false,"footnotes":"","jetpack_publicize_message":"","jetpack_publicize_feature_enabled":true,"jetpack_social_post_already_shared":true,"jetpack_social_options":{"image_generator_settings":{"template":"highway","default_image_id":0,"font":"","enabled":false},"version":2}},"categories":[21],"tags":[38,304,1013,850,2576,1004,962,433],"class_list":["post-11767","post","type-post","status-publish","format-standard","hentry","category-informeci","tag-bibliotecas","tag-diversidade","tag-equidade","tag-inclusao","tag-justicaracial","tag-justicasocial","tag-preconceito","tag-projetos"],"jetpack_publicize_connections":[],"jetpack_featured_media_url":"","views":"","jetpack_sharing_enabled":true,"_links":{"self":[{"href":"https:\/\/www.pedroandretta.info\/index\/wp-json\/wp\/v2\/posts\/11767","targetHints":{"allow":["GET"]}}],"collection":[{"href":"https:\/\/www.pedroandretta.info\/index\/wp-json\/wp\/v2\/posts"}],"about":[{"href":"https:\/\/www.pedroandretta.info\/index\/wp-json\/wp\/v2\/types\/post"}],"author":[{"embeddable":true,"href":"https:\/\/www.pedroandretta.info\/index\/wp-json\/wp\/v2\/users\/1"}],"replies":[{"embeddable":true,"href":"https:\/\/www.pedroandretta.info\/index\/wp-json\/wp\/v2\/comments?post=11767"}],"version-history":[{"count":0,"href":"https:\/\/www.pedroandretta.info\/index\/wp-json\/wp\/v2\/posts\/11767\/revisions"}],"wp:attachment":[{"href":"https:\/\/www.pedroandretta.info\/index\/wp-json\/wp\/v2\/media?parent=11767"}],"wp:term":[{"taxonomy":"category","embeddable":true,"href":"https:\/\/www.pedroandretta.info\/index\/wp-json\/wp\/v2\/categories?post=11767"},{"taxonomy":"post_tag","embeddable":true,"href":"https:\/\/www.pedroandretta.info\/index\/wp-json\/wp\/v2\/tags?post=11767"}],"curies":[{"name":"wp","href":"https:\/\/api.w.org\/{rel}","templated":true}]}}