{"id":11768,"date":"2021-08-23T16:33:26","date_gmt":"2021-08-23T20:33:26","guid":{"rendered":"https:\/\/www.pedroandretta.info\/index\/?p=11768"},"modified":"2021-08-23T16:33:26","modified_gmt":"2021-08-23T20:33:26","slug":"inclusao-e-diversidade-nas-bibliotecas-las-bibliotecas-sao-instituicoes-subv","status":"publish","type":"post","link":"https:\/\/www.pedroandretta.info\/index\/2021\/08\/inclusao-e-diversidade-nas-bibliotecas-las-bibliotecas-sao-instituicoes-subv\/","title":{"rendered":"#Inclus\u00e3o e #diversidade nas bibliotecas l&#8221;As #bibliotecas s\u00e3o institui\u00e7\u00f5es subv&#8230;"},"content":{"rendered":"<p>[ad_1]<\/p>\n<blockquote class=\"twitter-tweet\">\n<p lang=\"pt\" dir=\"ltr\"><a target=\"_blank\" href=\"https:\/\/twitter.com\/hashtag\/Inclus%C3%A3o?src=hash&amp;ref_src=twsrc%5Etfw\" rel=\"noopener\">#Inclus\u00e3o<\/a> e <a target=\"_blank\" href=\"https:\/\/twitter.com\/hashtag\/diversidade?src=hash&amp;ref_src=twsrc%5Etfw\" rel=\"noopener\">#diversidade<\/a> nas bibliotecas l&quot;As <a target=\"_blank\" href=\"https:\/\/twitter.com\/hashtag\/bibliotecas?src=hash&amp;ref_src=twsrc%5Etfw\" rel=\"noopener\">#bibliotecas<\/a> s\u00e3o institui\u00e7\u00f5es subversivas inatamente nascidas da no\u00e7\u00e3o radical de que cada membro da sociedade merece acesso gratuito e de alta qualidade ao conhecimento e \u00e0 cultura&quot; diz Matt Finch \ud83c\uddfa\ud83c\uddf8via Princh <a target=\"_blank\" href=\"https:\/\/t.co\/tqg3VUm8NS\" rel=\"noopener\">https:\/\/t.co\/tqg3VUm8NS<\/a><\/p>\n<p>&mdash; Pedro Andretta (@pedroisandretta) <a target=\"_blank\" href=\"https:\/\/twitter.com\/pedroisandretta\/status\/1429904639152074753?ref_src=twsrc%5Etfw\" rel=\"noopener\">August 23, 2021<\/a><\/p><\/blockquote>\n<p><script async src=\"https:\/\/platform.twitter.com\/widgets.js\" charset=\"utf-8\"><\/script><\/p>\n<p>[ad_2]<br \/>\n<br \/><a href=\"https:\/\/twitter.com\/pedroisandretta\/statuses\/1429904639152074753\">Fonte<\/a> : Projeto <a href=\"https:\/\/www.pedroandretta.info\/informeci\">Informe-CI<\/a><\/p>\n","protected":false},"excerpt":{"rendered":"<p>[ad_1] #Inclus\u00e3o e #diversidade nas bibliotecas l&quot;As #bibliotecas s\u00e3o institui\u00e7\u00f5es subversivas inatamente nascidas da no\u00e7\u00e3o radical de que cada membro da sociedade merece acesso gratuito e de alta qualidade ao conhecimento e \u00e0 cultura&quot; diz Matt Finch \ud83c\uddfa\ud83c\uddf8via Princh https:\/\/t.co\/tqg3VUm8NS &mdash; Pedro Andretta (@pedroisandretta) August 23, 2021 [ad_2] Fonte : Projeto Informe-CI<\/p>\n","protected":false},"author":1,"featured_media":0,"comment_status":"open","ping_status":"open","sticky":false,"template":"","format":"standard","meta":{"_jetpack_memberships_contains_paid_content":false,"footnotes":"","jetpack_publicize_message":"","jetpack_publicize_feature_enabled":true,"jetpack_social_post_already_shared":true,"jetpack_social_options":{"image_generator_settings":{"template":"highway","default_image_id":0,"font":"","enabled":false},"version":2}},"categories":[21],"tags":[38,304,850],"class_list":["post-11768","post","type-post","status-publish","format-standard","hentry","category-informeci","tag-bibliotecas","tag-diversidade","tag-inclusao"],"jetpack_publicize_connections":[],"jetpack_featured_media_url":"","views":"","jetpack_sharing_enabled":true,"_links":{"self":[{"href":"https:\/\/www.pedroandretta.info\/index\/wp-json\/wp\/v2\/posts\/11768","targetHints":{"allow":["GET"]}}],"collection":[{"href":"https:\/\/www.pedroandretta.info\/index\/wp-json\/wp\/v2\/posts"}],"about":[{"href":"https:\/\/www.pedroandretta.info\/index\/wp-json\/wp\/v2\/types\/post"}],"author":[{"embeddable":true,"href":"https:\/\/www.pedroandretta.info\/index\/wp-json\/wp\/v2\/users\/1"}],"replies":[{"embeddable":true,"href":"https:\/\/www.pedroandretta.info\/index\/wp-json\/wp\/v2\/comments?post=11768"}],"version-history":[{"count":0,"href":"https:\/\/www.pedroandretta.info\/index\/wp-json\/wp\/v2\/posts\/11768\/revisions"}],"wp:attachment":[{"href":"https:\/\/www.pedroandretta.info\/index\/wp-json\/wp\/v2\/media?parent=11768"}],"wp:term":[{"taxonomy":"category","embeddable":true,"href":"https:\/\/www.pedroandretta.info\/index\/wp-json\/wp\/v2\/categories?post=11768"},{"taxonomy":"post_tag","embeddable":true,"href":"https:\/\/www.pedroandretta.info\/index\/wp-json\/wp\/v2\/tags?post=11768"}],"curies":[{"name":"wp","href":"https:\/\/api.w.org\/{rel}","templated":true}]}}