{"id":11786,"date":"2021-08-25T17:16:50","date_gmt":"2021-08-25T21:16:50","guid":{"rendered":"https:\/\/www.pedroandretta.info\/index\/?p=11786"},"modified":"2021-08-25T17:16:50","modified_gmt":"2021-08-25T21:16:50","slug":"no-lugar-da-leitura-biblioteca-e-formacao-de-luiz-percival-2016-l-uma-produc","status":"publish","type":"post","link":"https:\/\/www.pedroandretta.info\/index\/2021\/08\/no-lugar-da-leitura-biblioteca-e-formacao-de-luiz-percival-2016-l-uma-produc\/","title":{"rendered":"No lugar da leitura: Biblioteca e forma\u00e7\u00e3o, de Luiz Percival (2016) l Uma produ\u00e7&#8230;"},"content":{"rendered":"<p>[ad_1]<\/p>\n<blockquote class=\"twitter-tweet\">\n<p lang=\"pt\" dir=\"ltr\">No lugar da leitura: Biblioteca e forma\u00e7\u00e3o, de Luiz Percival (2016) l Uma produ\u00e7\u00e3o Edi\u00e7\u00f5es Brasil liter\u00e1rio e Movimento por um Brasil Liter\u00e1rio. <a target=\"_blank\" href=\"https:\/\/twitter.com\/hashtag\/Leitura?src=hash&amp;ref_src=twsrc%5Etfw\" rel=\"noopener\">#Leitura<\/a> <a target=\"_blank\" href=\"https:\/\/twitter.com\/hashtag\/Forma%C3%A7%C3%A3oDeLeitores?src=hash&amp;ref_src=twsrc%5Etfw\" rel=\"noopener\">#Forma\u00e7\u00e3oDeLeitores<\/a> <a target=\"_blank\" href=\"https:\/\/twitter.com\/hashtag\/BibliotecasP%C3%BAblicas?src=hash&amp;ref_src=twsrc%5Etfw\" rel=\"noopener\">#BibliotecasP\u00fablicas<\/a> <a target=\"_blank\" href=\"https:\/\/twitter.com\/hashtag\/BibliotecasEscolares?src=hash&amp;ref_src=twsrc%5Etfw\" rel=\"noopener\">#BibliotecasEscolares<\/a> <a target=\"_blank\" href=\"https:\/\/twitter.com\/hashtag\/CulturaDigital?src=hash&amp;ref_src=twsrc%5Etfw\" rel=\"noopener\">#CulturaDigital<\/a>  <a target=\"_blank\" href=\"https:\/\/t.co\/mlNZdKh0QH\" rel=\"noopener\">https:\/\/t.co\/mlNZdKh0QH<\/a> <a target=\"_blank\" href=\"https:\/\/t.co\/GdQmcej5xA\" rel=\"noopener\">pic.twitter.com\/GdQmcej5xA<\/a><\/p>\n<p>&mdash; Pedro Andretta (@pedroisandretta) <a target=\"_blank\" href=\"https:\/\/twitter.com\/pedroisandretta\/status\/1430640336108392450?ref_src=twsrc%5Etfw\" rel=\"noopener\">August 25, 2021<\/a><\/p><\/blockquote>\n<p><script async src=\"https:\/\/platform.twitter.com\/widgets.js\" charset=\"utf-8\"><\/script><\/p>\n<p>[ad_2]<br \/>\n<br \/><a href=\"https:\/\/twitter.com\/pedroisandretta\/statuses\/1430640336108392450\">Fonte<\/a> : Projeto <a href=\"https:\/\/www.pedroandretta.info\/informeci\">Informe-CI<\/a><\/p>\n","protected":false},"excerpt":{"rendered":"<p>[ad_1] No lugar da leitura: Biblioteca e forma\u00e7\u00e3o, de Luiz Percival (2016) l Uma produ\u00e7\u00e3o Edi\u00e7\u00f5es Brasil liter\u00e1rio e Movimento por um Brasil Liter\u00e1rio. #Leitura #Forma\u00e7\u00e3oDeLeitores #BibliotecasP\u00fablicas #BibliotecasEscolares #CulturaDigital https:\/\/t.co\/mlNZdKh0QH pic.twitter.com\/GdQmcej5xA &mdash; Pedro Andretta (@pedroisandretta) August 25, 2021 [ad_2] Fonte : Projeto Informe-CI<\/p>\n","protected":false},"author":1,"featured_media":11787,"comment_status":"open","ping_status":"open","sticky":false,"template":"","format":"standard","meta":{"_jetpack_memberships_contains_paid_content":false,"footnotes":"","jetpack_publicize_message":"","jetpack_publicize_feature_enabled":true,"jetpack_social_post_already_shared":true,"jetpack_social_options":{"image_generator_settings":{"template":"highway","default_image_id":0,"font":"","enabled":false},"version":2}},"categories":[21],"tags":[79,39,2022,922,157],"class_list":["post-11786","post","type-post","status-publish","format-standard","has-post-thumbnail","hentry","category-informeci","tag-bibliotecasescolares","tag-bibliotecaspublicas","tag-culturadigital","tag-formacaodeleitores","tag-leitura"],"jetpack_publicize_connections":[],"jetpack_featured_media_url":"https:\/\/i0.wp.com\/www.pedroandretta.info\/index\/wp-content\/uploads\/2021\/08\/No-lugar-da-leitura-Biblioteca-e-formacao-de-Luiz-Percival.jpg?fit=640%2C778&ssl=1","views":"","jetpack_sharing_enabled":true,"_links":{"self":[{"href":"https:\/\/www.pedroandretta.info\/index\/wp-json\/wp\/v2\/posts\/11786","targetHints":{"allow":["GET"]}}],"collection":[{"href":"https:\/\/www.pedroandretta.info\/index\/wp-json\/wp\/v2\/posts"}],"about":[{"href":"https:\/\/www.pedroandretta.info\/index\/wp-json\/wp\/v2\/types\/post"}],"author":[{"embeddable":true,"href":"https:\/\/www.pedroandretta.info\/index\/wp-json\/wp\/v2\/users\/1"}],"replies":[{"embeddable":true,"href":"https:\/\/www.pedroandretta.info\/index\/wp-json\/wp\/v2\/comments?post=11786"}],"version-history":[{"count":0,"href":"https:\/\/www.pedroandretta.info\/index\/wp-json\/wp\/v2\/posts\/11786\/revisions"}],"wp:featuredmedia":[{"embeddable":true,"href":"https:\/\/www.pedroandretta.info\/index\/wp-json\/wp\/v2\/media\/11787"}],"wp:attachment":[{"href":"https:\/\/www.pedroandretta.info\/index\/wp-json\/wp\/v2\/media?parent=11786"}],"wp:term":[{"taxonomy":"category","embeddable":true,"href":"https:\/\/www.pedroandretta.info\/index\/wp-json\/wp\/v2\/categories?post=11786"},{"taxonomy":"post_tag","embeddable":true,"href":"https:\/\/www.pedroandretta.info\/index\/wp-json\/wp\/v2\/tags?post=11786"}],"curies":[{"name":"wp","href":"https:\/\/api.w.org\/{rel}","templated":true}]}}