{"id":11860,"date":"2021-09-01T00:32:36","date_gmt":"2021-09-01T04:32:36","guid":{"rendered":"https:\/\/www.pedroandretta.info\/index\/?p=11860"},"modified":"2021-09-01T00:32:36","modified_gmt":"2021-09-01T04:32:36","slug":"conversas-sobre-a-proposicao-de-valor-em-bibliotecas-2013-l-o-design-da-propos","status":"publish","type":"post","link":"https:\/\/www.pedroandretta.info\/index\/2021\/09\/conversas-sobre-a-proposicao-de-valor-em-bibliotecas-2013-l-o-design-da-propos\/","title":{"rendered":"Conversas sobre a proposi\u00e7\u00e3o de valor em bibliotecas (2013) l O design da propos&#8230;"},"content":{"rendered":"<p>[ad_1]<\/p>\n<blockquote class=\"twitter-tweet\">\n<p lang=\"pt\" dir=\"ltr\">Conversas sobre a proposi\u00e7\u00e3o de valor em bibliotecas (2013) l O design da proposi\u00e7\u00e3o de valor \u00e9 a articula\u00e7\u00e3o de como segmentos espec\u00edficos de clientes se beneficiar\u00e3o de uma combina\u00e7\u00e3o \u00fanica de produtos e servi\u00e7os. <a target=\"_blank\" href=\"https:\/\/twitter.com\/hashtag\/Bibliotecas?src=hash&amp;ref_src=twsrc%5Etfw\" rel=\"noopener\">#Bibliotecas<\/a> <a target=\"_blank\" href=\"https:\/\/twitter.com\/hashtag\/ProdutosEServi%C3%A7os?src=hash&amp;ref_src=twsrc%5Etfw\" rel=\"noopener\">#ProdutosEServi\u00e7os<\/a>  <a target=\"_blank\" href=\"https:\/\/t.co\/uv6idwPxmc\" rel=\"noopener\">https:\/\/t.co\/uv6idwPxmc<\/a> via ARL<\/p>\n<p>&mdash; Pedro Andretta (@pedroisandretta) <a target=\"_blank\" href=\"https:\/\/twitter.com\/pedroisandretta\/status\/1432924327188615168?ref_src=twsrc%5Etfw\" rel=\"noopener\">September 1, 2021<\/a><\/p><\/blockquote>\n<p><script async src=\"https:\/\/platform.twitter.com\/widgets.js\" charset=\"utf-8\"><\/script><\/p>\n<p>[ad_2]<br \/>\n<br \/><a href=\"https:\/\/twitter.com\/pedroisandretta\/statuses\/1432924327188615168\">Fonte<\/a> : Projeto <a href=\"https:\/\/www.pedroandretta.info\/informeci\">Informe-CI<\/a><\/p>\n","protected":false},"excerpt":{"rendered":"<p>[ad_1] Conversas sobre a proposi\u00e7\u00e3o de valor em bibliotecas (2013) l O design da proposi\u00e7\u00e3o de valor \u00e9 a articula\u00e7\u00e3o de como segmentos espec\u00edficos de clientes se beneficiar\u00e3o de uma combina\u00e7\u00e3o \u00fanica de produtos e servi\u00e7os. #Bibliotecas #ProdutosEServi\u00e7os https:\/\/t.co\/uv6idwPxmc via ARL &mdash; Pedro Andretta (@pedroisandretta) September 1, 2021 [ad_2] Fonte : Projeto Informe-CI<\/p>\n","protected":false},"author":1,"featured_media":0,"comment_status":"open","ping_status":"open","sticky":false,"template":"","format":"standard","meta":{"_jetpack_memberships_contains_paid_content":false,"footnotes":"","jetpack_publicize_message":"","jetpack_publicize_feature_enabled":true,"jetpack_social_post_already_shared":true,"jetpack_social_options":{"image_generator_settings":{"template":"highway","default_image_id":0,"font":"","enabled":false},"version":2}},"categories":[21],"tags":[38,3758],"class_list":["post-11860","post","type-post","status-publish","format-standard","hentry","category-informeci","tag-bibliotecas","tag-produtoseservicosdeinformacao"],"jetpack_publicize_connections":[],"jetpack_featured_media_url":"","views":"","jetpack_sharing_enabled":true,"_links":{"self":[{"href":"https:\/\/www.pedroandretta.info\/index\/wp-json\/wp\/v2\/posts\/11860","targetHints":{"allow":["GET"]}}],"collection":[{"href":"https:\/\/www.pedroandretta.info\/index\/wp-json\/wp\/v2\/posts"}],"about":[{"href":"https:\/\/www.pedroandretta.info\/index\/wp-json\/wp\/v2\/types\/post"}],"author":[{"embeddable":true,"href":"https:\/\/www.pedroandretta.info\/index\/wp-json\/wp\/v2\/users\/1"}],"replies":[{"embeddable":true,"href":"https:\/\/www.pedroandretta.info\/index\/wp-json\/wp\/v2\/comments?post=11860"}],"version-history":[{"count":0,"href":"https:\/\/www.pedroandretta.info\/index\/wp-json\/wp\/v2\/posts\/11860\/revisions"}],"wp:attachment":[{"href":"https:\/\/www.pedroandretta.info\/index\/wp-json\/wp\/v2\/media?parent=11860"}],"wp:term":[{"taxonomy":"category","embeddable":true,"href":"https:\/\/www.pedroandretta.info\/index\/wp-json\/wp\/v2\/categories?post=11860"},{"taxonomy":"post_tag","embeddable":true,"href":"https:\/\/www.pedroandretta.info\/index\/wp-json\/wp\/v2\/tags?post=11860"}],"curies":[{"name":"wp","href":"https:\/\/api.w.org\/{rel}","templated":true}]}}