{"id":11892,"date":"2021-09-03T16:55:48","date_gmt":"2021-09-03T20:55:48","guid":{"rendered":"https:\/\/www.pedroandretta.info\/index\/?p=11892"},"modified":"2021-09-03T16:55:48","modified_gmt":"2021-09-03T20:55:48","slug":"a-funcao-e-o-papel-do-tradutor-na-edicao-universitaria-l-o-tradutor-ligado-a-e","status":"publish","type":"post","link":"https:\/\/www.pedroandretta.info\/index\/2021\/09\/a-funcao-e-o-papel-do-tradutor-na-edicao-universitaria-l-o-tradutor-ligado-a-e\/","title":{"rendered":"A fun\u00e7\u00e3o e o papel do tradutor na edi\u00e7\u00e3o universit\u00e1ria l &#8220;O tradutor ligado a #E&#8230;"},"content":{"rendered":"<p>[ad_1]<\/p>\n<blockquote class=\"twitter-tweet\">\n<p lang=\"pt\" dir=\"ltr\">A fun\u00e7\u00e3o e o papel do tradutor na edi\u00e7\u00e3o universit\u00e1ria l &quot;O tradutor ligado a <a target=\"_blank\" href=\"https:\/\/twitter.com\/hashtag\/EditorasUniversit%C3%A1rias?src=hash&amp;ref_src=twsrc%5Etfw\" rel=\"noopener\">#EditorasUniversit\u00e1rias<\/a> atua como um intelectual cosmopolita, [&#8230;] importando e exportando conhecimento, [&#8230;] promove encontros, reduz dist\u00e2ncias [&#8230;]&quot;  <a target=\"_blank\" href=\"https:\/\/twitter.com\/hashtag\/Tradu%C3%A7%C3%A3o?src=hash&amp;ref_src=twsrc%5Etfw\" rel=\"noopener\">#Tradu\u00e7\u00e3o<\/a> via EULAC <a target=\"_blank\" href=\"https:\/\/t.co\/4vjV5TU1oE\" rel=\"noopener\">https:\/\/t.co\/4vjV5TU1oE<\/a><\/p>\n<p>&mdash; Pedro Andretta (@pedroisandretta) <a target=\"_blank\" href=\"https:\/\/twitter.com\/pedroisandretta\/status\/1433896533083271170?ref_src=twsrc%5Etfw\" rel=\"noopener\">September 3, 2021<\/a><\/p><\/blockquote>\n<p><script async src=\"https:\/\/platform.twitter.com\/widgets.js\" charset=\"utf-8\"><\/script><\/p>\n<p>[ad_2]<br \/>\n<br \/><a href=\"https:\/\/twitter.com\/pedroisandretta\/statuses\/1433896533083271170\">Fonte<\/a> : Projeto <a href=\"https:\/\/www.pedroandretta.info\/informeci\">Informe-CI<\/a><\/p>\n","protected":false},"excerpt":{"rendered":"<p>[ad_1] A fun\u00e7\u00e3o e o papel do tradutor na edi\u00e7\u00e3o universit\u00e1ria l &quot;O tradutor ligado a #EditorasUniversit\u00e1rias atua como um intelectual cosmopolita, [&#8230;] importando e exportando conhecimento, [&#8230;] promove encontros, reduz dist\u00e2ncias [&#8230;]&quot; #Tradu\u00e7\u00e3o via EULAC https:\/\/t.co\/4vjV5TU1oE &mdash; Pedro Andretta (@pedroisandretta) September 3, 2021 [ad_2] Fonte : Projeto Informe-CI<\/p>\n","protected":false},"author":1,"featured_media":0,"comment_status":"open","ping_status":"open","sticky":false,"template":"","format":"standard","meta":{"_jetpack_memberships_contains_paid_content":false,"footnotes":"","jetpack_publicize_message":"","jetpack_publicize_feature_enabled":true,"jetpack_social_post_already_shared":true,"jetpack_social_options":{"image_generator_settings":{"template":"highway","default_image_id":0,"font":"","enabled":false},"version":2}},"categories":[21],"tags":[1302,211],"class_list":["post-11892","post","type-post","status-publish","format-standard","hentry","category-informeci","tag-editorasuniversitarias","tag-traducao"],"jetpack_publicize_connections":[],"jetpack_featured_media_url":"","views":"","jetpack_sharing_enabled":true,"_links":{"self":[{"href":"https:\/\/www.pedroandretta.info\/index\/wp-json\/wp\/v2\/posts\/11892","targetHints":{"allow":["GET"]}}],"collection":[{"href":"https:\/\/www.pedroandretta.info\/index\/wp-json\/wp\/v2\/posts"}],"about":[{"href":"https:\/\/www.pedroandretta.info\/index\/wp-json\/wp\/v2\/types\/post"}],"author":[{"embeddable":true,"href":"https:\/\/www.pedroandretta.info\/index\/wp-json\/wp\/v2\/users\/1"}],"replies":[{"embeddable":true,"href":"https:\/\/www.pedroandretta.info\/index\/wp-json\/wp\/v2\/comments?post=11892"}],"version-history":[{"count":0,"href":"https:\/\/www.pedroandretta.info\/index\/wp-json\/wp\/v2\/posts\/11892\/revisions"}],"wp:attachment":[{"href":"https:\/\/www.pedroandretta.info\/index\/wp-json\/wp\/v2\/media?parent=11892"}],"wp:term":[{"taxonomy":"category","embeddable":true,"href":"https:\/\/www.pedroandretta.info\/index\/wp-json\/wp\/v2\/categories?post=11892"},{"taxonomy":"post_tag","embeddable":true,"href":"https:\/\/www.pedroandretta.info\/index\/wp-json\/wp\/v2\/tags?post=11892"}],"curies":[{"name":"wp","href":"https:\/\/api.w.org\/{rel}","templated":true}]}}