{"id":11935,"date":"2021-09-08T01:19:44","date_gmt":"2021-09-08T05:19:44","guid":{"rendered":"https:\/\/www.pedroandretta.info\/index\/?p=11935"},"modified":"2021-09-08T01:19:44","modified_gmt":"2021-09-08T05:19:44","slug":"bolsonaro-altera-marcocivildainternet-e-tira-liberdade-de-moderacao-das-redess","status":"publish","type":"post","link":"https:\/\/www.pedroandretta.info\/index\/2021\/09\/bolsonaro-altera-marcocivildainternet-e-tira-liberdade-de-moderacao-das-redess\/","title":{"rendered":"Bolsonaro altera #MarcoCivilDaInternet e tira liberdade de modera\u00e7\u00e3o das #RedesS&#8230;"},"content":{"rendered":"<p>[ad_1]<br \/>\n<img data-recalc-dims=\"1\" decoding=\"async\" src=\"https:\/\/i0.wp.com\/www.pedroandretta.info\/index\/wp-content\/uploads\/2021\/09\/Bolsonaro-altera-MarcoCivilDaInternet-e-tira-liberdade-de-moderacao-das-RedesS.jpg?w=696&#038;ssl=1\"\/><\/p>\n<blockquote class=\"twitter-tweet\">\n<p lang=\"pt\" dir=\"ltr\">Bolsonaro altera <a target=\"_blank\" href=\"https:\/\/twitter.com\/hashtag\/MarcoCivilDaInternet?src=hash&amp;ref_src=twsrc%5Etfw\" rel=\"noopener\">#MarcoCivilDaInternet<\/a> e tira liberdade de modera\u00e7\u00e3o das <a target=\"_blank\" href=\"https:\/\/twitter.com\/hashtag\/RedesSociais?src=hash&amp;ref_src=twsrc%5Etfw\" rel=\"noopener\">#RedesSociais<\/a> l Medida impedir\u00e1 que Facebook, Instagram e Twitter controlem e moderem suas pr\u00f3prias plataformas e contenham a dissemina\u00e7\u00e3o de fake news e grupos de \u00f3dio. via B9 <a target=\"_blank\" href=\"https:\/\/t.co\/4sQHYudXNB\" rel=\"noopener\">https:\/\/t.co\/4sQHYudXNB<\/a><\/p>\n<p>&mdash; Pedro Andretta (@pedroisandretta) <a target=\"_blank\" href=\"https:\/\/twitter.com\/pedroisandretta\/status\/1435472900979560449?ref_src=twsrc%5Etfw\" rel=\"noopener\">September 8, 2021<\/a><\/p><\/blockquote>\n<p><script async src=\"https:\/\/platform.twitter.com\/widgets.js\" charset=\"utf-8\"><\/script><\/p>\n<p>[ad_2]<br \/>\n<br \/><a href=\"https:\/\/twitter.com\/pedroisandretta\/statuses\/1435472900979560449\">Fonte<\/a> : Projeto <a href=\"https:\/\/www.pedroandretta.info\/informeci\">Informe-CI<\/a><\/p>\n","protected":false},"excerpt":{"rendered":"<p>[ad_1] Bolsonaro altera #MarcoCivilDaInternet e tira liberdade de modera\u00e7\u00e3o das #RedesSociais l Medida impedir\u00e1 que Facebook, Instagram e Twitter controlem e moderem suas pr\u00f3prias plataformas e contenham a dissemina\u00e7\u00e3o de fake news e grupos de \u00f3dio. via B9 https:\/\/t.co\/4sQHYudXNB &mdash; Pedro Andretta (@pedroisandretta) September 8, 2021 [ad_2] Fonte : Projeto Informe-CI<\/p>\n","protected":false},"author":1,"featured_media":11936,"comment_status":"open","ping_status":"open","sticky":false,"template":"","format":"standard","meta":{"_jetpack_memberships_contains_paid_content":false,"footnotes":"","jetpack_publicize_message":"","jetpack_publicize_feature_enabled":true,"jetpack_social_post_already_shared":true,"jetpack_social_options":{"image_generator_settings":{"template":"highway","default_image_id":0,"font":"","enabled":false},"version":2}},"categories":[21],"tags":[933,154],"class_list":["post-11935","post","type-post","status-publish","format-standard","has-post-thumbnail","hentry","category-informeci","tag-marcocivildainternet","tag-redessociais"],"jetpack_publicize_connections":[],"jetpack_featured_media_url":"https:\/\/i0.wp.com\/www.pedroandretta.info\/index\/wp-content\/uploads\/2021\/09\/Bolsonaro-altera-MarcoCivilDaInternet-e-tira-liberdade-de-moderacao-das-RedesS.jpg?fit=1280%2C720&ssl=1","views":"","jetpack_sharing_enabled":true,"_links":{"self":[{"href":"https:\/\/www.pedroandretta.info\/index\/wp-json\/wp\/v2\/posts\/11935","targetHints":{"allow":["GET"]}}],"collection":[{"href":"https:\/\/www.pedroandretta.info\/index\/wp-json\/wp\/v2\/posts"}],"about":[{"href":"https:\/\/www.pedroandretta.info\/index\/wp-json\/wp\/v2\/types\/post"}],"author":[{"embeddable":true,"href":"https:\/\/www.pedroandretta.info\/index\/wp-json\/wp\/v2\/users\/1"}],"replies":[{"embeddable":true,"href":"https:\/\/www.pedroandretta.info\/index\/wp-json\/wp\/v2\/comments?post=11935"}],"version-history":[{"count":0,"href":"https:\/\/www.pedroandretta.info\/index\/wp-json\/wp\/v2\/posts\/11935\/revisions"}],"wp:featuredmedia":[{"embeddable":true,"href":"https:\/\/www.pedroandretta.info\/index\/wp-json\/wp\/v2\/media\/11936"}],"wp:attachment":[{"href":"https:\/\/www.pedroandretta.info\/index\/wp-json\/wp\/v2\/media?parent=11935"}],"wp:term":[{"taxonomy":"category","embeddable":true,"href":"https:\/\/www.pedroandretta.info\/index\/wp-json\/wp\/v2\/categories?post=11935"},{"taxonomy":"post_tag","embeddable":true,"href":"https:\/\/www.pedroandretta.info\/index\/wp-json\/wp\/v2\/tags?post=11935"}],"curies":[{"name":"wp","href":"https:\/\/api.w.org\/{rel}","templated":true}]}}