{"id":11992,"date":"2021-09-11T17:07:00","date_gmt":"2021-09-11T21:07:00","guid":{"rendered":"https:\/\/www.pedroandretta.info\/index\/?p=11992"},"modified":"2021-09-11T17:07:00","modified_gmt":"2021-09-11T21:07:00","slug":"institucionalizacao-da-biblioteconomia-progressista-e-critica-l-a-neutralidade","status":"publish","type":"post","link":"https:\/\/www.pedroandretta.info\/index\/2021\/09\/institucionalizacao-da-biblioteconomia-progressista-e-critica-l-a-neutralidade\/","title":{"rendered":"Institucionaliza\u00e7\u00e3o da Biblioteconomia Progressista e Cr\u00edtica l &#8221; A neutralidade&#8230;"},"content":{"rendered":"<p>[ad_1]<\/p>\n<blockquote class=\"twitter-tweet\">\n<p lang=\"pt\" dir=\"ltr\">Institucionaliza\u00e7\u00e3o da Biblioteconomia Progressista e Cr\u00edtica l &quot; A neutralidade das bibliotecas, dos profissionais e suas a\u00e7\u00f5es \u00e9 combatida, e o poder de  perpetua\u00e7\u00e3o da classe dominante \u00e9 desvelado.&quot; <a target=\"_blank\" href=\"https:\/\/twitter.com\/hashtag\/BiblioteconomiaProgressista?src=hash&amp;ref_src=twsrc%5Etfw\" rel=\"noopener\">#BiblioteconomiaProgressista<\/a> <a target=\"_blank\" href=\"https:\/\/twitter.com\/hashtag\/Biblioteconomia?src=hash&amp;ref_src=twsrc%5Etfw\" rel=\"noopener\">#Biblioteconomia<\/a> <a target=\"_blank\" href=\"https:\/\/t.co\/9eAAkQjHct\" rel=\"noopener\">https:\/\/t.co\/9eAAkQjHct<\/a> <a target=\"_blank\" href=\"https:\/\/t.co\/HG83xpLeZ7\" rel=\"noopener\">pic.twitter.com\/HG83xpLeZ7<\/a><\/p>\n<p>&mdash; Pedro Andretta (@pedroisandretta) <a target=\"_blank\" href=\"https:\/\/twitter.com\/pedroisandretta\/status\/1436798452797743106?ref_src=twsrc%5Etfw\" rel=\"noopener\">September 11, 2021<\/a><\/p><\/blockquote>\n<p><script async src=\"https:\/\/platform.twitter.com\/widgets.js\" charset=\"utf-8\"><\/script><\/p>\n<p>[ad_2]<br \/>\n<br \/><a href=\"https:\/\/twitter.com\/pedroisandretta\/statuses\/1436798452797743106\">Fonte<\/a> : Projeto <a href=\"https:\/\/www.pedroandretta.info\/informeci\">Informe-CI<\/a><\/p>\n","protected":false},"excerpt":{"rendered":"<p>[ad_1] Institucionaliza\u00e7\u00e3o da Biblioteconomia Progressista e Cr\u00edtica l &quot; A neutralidade das bibliotecas, dos profissionais e suas a\u00e7\u00f5es \u00e9 combatida, e o poder de perpetua\u00e7\u00e3o da classe dominante \u00e9 desvelado.&quot; #BiblioteconomiaProgressista #Biblioteconomia https:\/\/t.co\/9eAAkQjHct pic.twitter.com\/HG83xpLeZ7 &mdash; Pedro Andretta (@pedroisandretta) September 11, 2021 [ad_2] Fonte : Projeto Informe-CI<\/p>\n","protected":false},"author":1,"featured_media":11993,"comment_status":"open","ping_status":"open","sticky":false,"template":"","format":"standard","meta":{"_jetpack_memberships_contains_paid_content":false,"footnotes":"","jetpack_publicize_message":"","jetpack_publicize_feature_enabled":true,"jetpack_social_post_already_shared":true,"jetpack_social_options":{"image_generator_settings":{"template":"highway","default_image_id":0,"font":"","enabled":false},"version":2}},"categories":[21],"tags":[33,2622],"class_list":["post-11992","post","type-post","status-publish","format-standard","has-post-thumbnail","hentry","category-informeci","tag-biblioteconomia","tag-biblioteconomiaprogressista"],"jetpack_publicize_connections":[],"jetpack_featured_media_url":"https:\/\/i0.wp.com\/www.pedroandretta.info\/index\/wp-content\/uploads\/2021\/09\/Institucionalizacao-da-Biblioteconomia-Progressista-e-Critica-l-A-neutralidade.jpg?fit=415%2C703&ssl=1","views":"","jetpack_sharing_enabled":true,"_links":{"self":[{"href":"https:\/\/www.pedroandretta.info\/index\/wp-json\/wp\/v2\/posts\/11992","targetHints":{"allow":["GET"]}}],"collection":[{"href":"https:\/\/www.pedroandretta.info\/index\/wp-json\/wp\/v2\/posts"}],"about":[{"href":"https:\/\/www.pedroandretta.info\/index\/wp-json\/wp\/v2\/types\/post"}],"author":[{"embeddable":true,"href":"https:\/\/www.pedroandretta.info\/index\/wp-json\/wp\/v2\/users\/1"}],"replies":[{"embeddable":true,"href":"https:\/\/www.pedroandretta.info\/index\/wp-json\/wp\/v2\/comments?post=11992"}],"version-history":[{"count":0,"href":"https:\/\/www.pedroandretta.info\/index\/wp-json\/wp\/v2\/posts\/11992\/revisions"}],"wp:featuredmedia":[{"embeddable":true,"href":"https:\/\/www.pedroandretta.info\/index\/wp-json\/wp\/v2\/media\/11993"}],"wp:attachment":[{"href":"https:\/\/www.pedroandretta.info\/index\/wp-json\/wp\/v2\/media?parent=11992"}],"wp:term":[{"taxonomy":"category","embeddable":true,"href":"https:\/\/www.pedroandretta.info\/index\/wp-json\/wp\/v2\/categories?post=11992"},{"taxonomy":"post_tag","embeddable":true,"href":"https:\/\/www.pedroandretta.info\/index\/wp-json\/wp\/v2\/tags?post=11992"}],"curies":[{"name":"wp","href":"https:\/\/api.w.org\/{rel}","templated":true}]}}