{"id":11994,"date":"2021-09-11T17:50:00","date_gmt":"2021-09-11T21:50:00","guid":{"rendered":"https:\/\/www.pedroandretta.info\/index\/?p=11994"},"modified":"2021-09-11T17:50:00","modified_gmt":"2021-09-11T21:50:00","slug":"sistema-ibero-americano-de-redes-nacionais-de-bibliotecas-l-o-sistema-ibero-amer","status":"publish","type":"post","link":"https:\/\/www.pedroandretta.info\/index\/2021\/09\/sistema-ibero-americano-de-redes-nacionais-de-bibliotecas-l-o-sistema-ibero-amer\/","title":{"rendered":"Sistema Ibero-americano de Redes Nacionais de Bibliotecas l O Sistema Ibero-amer&#8230;"},"content":{"rendered":"<p>[ad_1]<\/p>\n<blockquote class=\"twitter-tweet\">\n<p lang=\"pt\" dir=\"ltr\">Sistema Ibero-americano de Redes Nacionais de Bibliotecas l O Sistema Ibero-americano de Redes Nacionais de Bibliotecas \u00e9 um espa\u00e7o regional de di\u00e1logo, interc\u00e2mbio e coopera\u00e7\u00e3o dirigido aos 21 pa\u00edses membros do Cerlalc-Unesco. <a target=\"_blank\" href=\"https:\/\/twitter.com\/hashtag\/SIRBI?src=hash&amp;ref_src=twsrc%5Etfw\" rel=\"noopener\">#SIRBI<\/a>   <a target=\"_blank\" href=\"https:\/\/t.co\/7Q4gpKKsCZ\" rel=\"noopener\">https:\/\/t.co\/7Q4gpKKsCZ<\/a><\/p>\n<p>&mdash; Pedro Andretta (@pedroisandretta) <a target=\"_blank\" href=\"https:\/\/twitter.com\/pedroisandretta\/status\/1436809274047434753?ref_src=twsrc%5Etfw\" rel=\"noopener\">September 11, 2021<\/a><\/p><\/blockquote>\n<p><script async src=\"https:\/\/platform.twitter.com\/widgets.js\" charset=\"utf-8\"><\/script><\/p>\n<p>[ad_2]<br \/>\n<br \/><a href=\"https:\/\/twitter.com\/pedroisandretta\/statuses\/1436809274047434753\">Fonte<\/a> : Projeto <a href=\"https:\/\/www.pedroandretta.info\/informeci\">Informe-CI<\/a><\/p>\n","protected":false},"excerpt":{"rendered":"<p>[ad_1] Sistema Ibero-americano de Redes Nacionais de Bibliotecas l O Sistema Ibero-americano de Redes Nacionais de Bibliotecas \u00e9 um espa\u00e7o regional de di\u00e1logo, interc\u00e2mbio e coopera\u00e7\u00e3o dirigido aos 21 pa\u00edses membros do Cerlalc-Unesco. #SIRBI https:\/\/t.co\/7Q4gpKKsCZ &mdash; Pedro Andretta (@pedroisandretta) September 11, 2021 [ad_2] Fonte : Projeto Informe-CI<\/p>\n","protected":false},"author":1,"featured_media":0,"comment_status":"open","ping_status":"open","sticky":false,"template":"","format":"standard","meta":{"_jetpack_memberships_contains_paid_content":false,"footnotes":"","jetpack_publicize_message":"","jetpack_publicize_feature_enabled":true,"jetpack_social_post_already_shared":true,"jetpack_social_options":{"image_generator_settings":{"template":"highway","default_image_id":0,"font":"","enabled":false},"version":2}},"categories":[21],"tags":[2618],"class_list":["post-11994","post","type-post","status-publish","format-standard","hentry","category-informeci","tag-sirbi"],"jetpack_publicize_connections":[],"jetpack_featured_media_url":"","views":"","jetpack_sharing_enabled":true,"_links":{"self":[{"href":"https:\/\/www.pedroandretta.info\/index\/wp-json\/wp\/v2\/posts\/11994","targetHints":{"allow":["GET"]}}],"collection":[{"href":"https:\/\/www.pedroandretta.info\/index\/wp-json\/wp\/v2\/posts"}],"about":[{"href":"https:\/\/www.pedroandretta.info\/index\/wp-json\/wp\/v2\/types\/post"}],"author":[{"embeddable":true,"href":"https:\/\/www.pedroandretta.info\/index\/wp-json\/wp\/v2\/users\/1"}],"replies":[{"embeddable":true,"href":"https:\/\/www.pedroandretta.info\/index\/wp-json\/wp\/v2\/comments?post=11994"}],"version-history":[{"count":0,"href":"https:\/\/www.pedroandretta.info\/index\/wp-json\/wp\/v2\/posts\/11994\/revisions"}],"wp:attachment":[{"href":"https:\/\/www.pedroandretta.info\/index\/wp-json\/wp\/v2\/media?parent=11994"}],"wp:term":[{"taxonomy":"category","embeddable":true,"href":"https:\/\/www.pedroandretta.info\/index\/wp-json\/wp\/v2\/categories?post=11994"},{"taxonomy":"post_tag","embeddable":true,"href":"https:\/\/www.pedroandretta.info\/index\/wp-json\/wp\/v2\/tags?post=11994"}],"curies":[{"name":"wp","href":"https:\/\/api.w.org\/{rel}","templated":true}]}}