{"id":12001,"date":"2021-09-16T16:27:21","date_gmt":"2021-09-16T20:27:21","guid":{"rendered":"https:\/\/www.pedroandretta.info\/index\/?p=12001"},"modified":"2021-09-16T16:27:21","modified_gmt":"2021-09-16T20:27:21","slug":"um-bibliotecario-esta-incluido-na-lista-da-forbes-dos-espanhois-mais-criativos-l","status":"publish","type":"post","link":"https:\/\/www.pedroandretta.info\/index\/2021\/09\/um-bibliotecario-esta-incluido-na-lista-da-forbes-dos-espanhois-mais-criativos-l\/","title":{"rendered":"Um bibliotec\u00e1rio est\u00e1 inclu\u00eddo na lista da Forbes dos espanh\u00f3is mais criativos l&#8230;"},"content":{"rendered":"<p>[ad_1]<\/p>\n<p>Um bibliotec\u00e1rio est\u00e1 inclu\u00eddo na lista da Forbes dos espanh\u00f3is mais criativos l Juan  Sobrino, da Biblioteca de Soto del Real, criador do programa &#8220;Contos por telefone&#8221;, \u00e9 listado na categoria &#8220;Empreendimento Social&#8221;. #Bibliotec\u00e1rios \ud83c\uddea\ud83c\uddf8via @JulianMarquina <a href=\"https:\/\/www.julianmarquina.es\/un-bibliotecario-es-incluido-en-la-prestigiosa-lista-forbes-de-los-espanoles-mas-creativos\/\" target=\"_blank\" rel=\"noopener\">julianmarquina.es\/un-bibliotecar\u2026<\/a><br \/>\n[ad_2]<br \/>\n<br \/><a href=\"https:\/\/twitter.com\/pedroisandretta\/statuses\/1438600416414126085\">Source<\/a> by <a href=\"https:\/\/t.co\/MfIsGWjH1p\">Pedro Andretta<\/a><\/p>\n","protected":false},"excerpt":{"rendered":"<p>[ad_1] Um bibliotec\u00e1rio est\u00e1 inclu\u00eddo na lista da Forbes dos espanh\u00f3is mais criativos l Juan Sobrino, da Biblioteca de Soto del Real, criador do programa &#8220;Contos por telefone&#8221;, \u00e9 listado na categoria &#8220;Empreendimento Social&#8221;. #Bibliotec\u00e1rios \ud83c\uddea\ud83c\uddf8via @JulianMarquina julianmarquina.es\/un-bibliotecar\u2026 [ad_2] Source by Pedro Andretta<\/p>\n","protected":false},"author":1,"featured_media":0,"comment_status":"open","ping_status":"open","sticky":false,"template":"","format":"standard","meta":{"_jetpack_memberships_contains_paid_content":false,"footnotes":"","jetpack_publicize_message":"","jetpack_publicize_feature_enabled":true,"jetpack_social_post_already_shared":true,"jetpack_social_options":{"image_generator_settings":{"template":"highway","default_image_id":0,"font":"","enabled":false},"version":2}},"categories":[21],"tags":[22,2624],"class_list":["post-12001","post","type-post","status-publish","format-standard","hentry","category-informeci","tag-bibliotecarios","tag-frompedroisandretta"],"jetpack_publicize_connections":[],"jetpack_featured_media_url":"","views":"","jetpack_sharing_enabled":true,"_links":{"self":[{"href":"https:\/\/www.pedroandretta.info\/index\/wp-json\/wp\/v2\/posts\/12001","targetHints":{"allow":["GET"]}}],"collection":[{"href":"https:\/\/www.pedroandretta.info\/index\/wp-json\/wp\/v2\/posts"}],"about":[{"href":"https:\/\/www.pedroandretta.info\/index\/wp-json\/wp\/v2\/types\/post"}],"author":[{"embeddable":true,"href":"https:\/\/www.pedroandretta.info\/index\/wp-json\/wp\/v2\/users\/1"}],"replies":[{"embeddable":true,"href":"https:\/\/www.pedroandretta.info\/index\/wp-json\/wp\/v2\/comments?post=12001"}],"version-history":[{"count":0,"href":"https:\/\/www.pedroandretta.info\/index\/wp-json\/wp\/v2\/posts\/12001\/revisions"}],"wp:attachment":[{"href":"https:\/\/www.pedroandretta.info\/index\/wp-json\/wp\/v2\/media?parent=12001"}],"wp:term":[{"taxonomy":"category","embeddable":true,"href":"https:\/\/www.pedroandretta.info\/index\/wp-json\/wp\/v2\/categories?post=12001"},{"taxonomy":"post_tag","embeddable":true,"href":"https:\/\/www.pedroandretta.info\/index\/wp-json\/wp\/v2\/tags?post=12001"}],"curies":[{"name":"wp","href":"https:\/\/api.w.org\/{rel}","templated":true}]}}