{"id":12046,"date":"2021-09-16T01:30:00","date_gmt":"2021-09-16T05:30:00","guid":{"rendered":"https:\/\/www.pedroandretta.info\/index\/?p=12046"},"modified":"2021-09-21T01:35:50","modified_gmt":"2021-09-21T05:35:50","slug":"espaco-fisico-e-virtual-na-biblioteca-2021","status":"publish","type":"post","link":"https:\/\/www.pedroandretta.info\/index\/2021\/09\/espaco-fisico-e-virtual-na-biblioteca-2021\/","title":{"rendered":"Espa\u00e7o f\u00edsico e virtual na biblioteca (2021)"},"content":{"rendered":"\n<p>Espa\u00e7o f\u00edsico e virtual na biblioteca (2021)l As atas do VIII Congresso Nacional de Bibliotecas P\u00fablicas foram realizadas no Palacio de Congresos de Toledo nos dias 16 e 17 de novembro de 2016. #BibliotecasP\u00fablicas #LivrosCI <a href=\"https:\/\/t.co\/n4XB5AjVoZ\">https:\/\/t.co\/n4XB5AjVoZ<\/a> pic.twitter.com\/k8R2I9b0oE\u2014 Pedro Andretta (@pedroisandretta) September 16, 2021 Fonte : Projeto Informe-CI<\/p>\n","protected":false},"excerpt":{"rendered":"<p>Espa\u00e7o f\u00edsico e virtual na biblioteca (2021)l As atas do VIII Congresso Nacional de Bibliotecas P\u00fablicas foram realizadas no Palacio de Congresos de Toledo nos dias 16 e 17 de novembro de 2016. #BibliotecasP\u00fablicas #LivrosCI https:\/\/t.co\/n4XB5AjVoZ pic.twitter.com\/k8R2I9b0oE\u2014 Pedro Andretta (@pedroisandretta) September 16, 2021 Fonte : Projeto Informe-CI<\/p>\n","protected":false},"author":1,"featured_media":0,"comment_status":"open","ping_status":"open","sticky":false,"template":"","format":"standard","meta":{"_jetpack_memberships_contains_paid_content":false,"footnotes":"","jetpack_publicize_message":"","jetpack_publicize_feature_enabled":true,"jetpack_social_post_already_shared":true,"jetpack_social_options":{"image_generator_settings":{"template":"highway","default_image_id":0,"font":"","enabled":false},"version":2}},"categories":[21],"tags":[39,1733],"class_list":["post-12046","post","type-post","status-publish","format-standard","hentry","category-informeci","tag-bibliotecaspublicas","tag-livrosci"],"jetpack_publicize_connections":[],"jetpack_featured_media_url":"","views":"","jetpack_sharing_enabled":true,"_links":{"self":[{"href":"https:\/\/www.pedroandretta.info\/index\/wp-json\/wp\/v2\/posts\/12046","targetHints":{"allow":["GET"]}}],"collection":[{"href":"https:\/\/www.pedroandretta.info\/index\/wp-json\/wp\/v2\/posts"}],"about":[{"href":"https:\/\/www.pedroandretta.info\/index\/wp-json\/wp\/v2\/types\/post"}],"author":[{"embeddable":true,"href":"https:\/\/www.pedroandretta.info\/index\/wp-json\/wp\/v2\/users\/1"}],"replies":[{"embeddable":true,"href":"https:\/\/www.pedroandretta.info\/index\/wp-json\/wp\/v2\/comments?post=12046"}],"version-history":[{"count":0,"href":"https:\/\/www.pedroandretta.info\/index\/wp-json\/wp\/v2\/posts\/12046\/revisions"}],"wp:attachment":[{"href":"https:\/\/www.pedroandretta.info\/index\/wp-json\/wp\/v2\/media?parent=12046"}],"wp:term":[{"taxonomy":"category","embeddable":true,"href":"https:\/\/www.pedroandretta.info\/index\/wp-json\/wp\/v2\/categories?post=12046"},{"taxonomy":"post_tag","embeddable":true,"href":"https:\/\/www.pedroandretta.info\/index\/wp-json\/wp\/v2\/tags?post=12046"}],"curies":[{"name":"wp","href":"https:\/\/api.w.org\/{rel}","templated":true}]}}