{"id":12066,"date":"2021-09-15T02:13:00","date_gmt":"2021-09-15T06:13:00","guid":{"rendered":"https:\/\/www.pedroandretta.info\/index\/?p=12066"},"modified":"2021-09-21T02:15:12","modified_gmt":"2021-09-21T06:15:12","slug":"muitos-profissionais-saem-da-universidade-sem-terem-ouvido-falar-de-conselho-sindicato-ou-associacoes-de-sua-profissao","status":"publish","type":"post","link":"https:\/\/www.pedroandretta.info\/index\/2021\/09\/muitos-profissionais-saem-da-universidade-sem-terem-ouvido-falar-de-conselho-sindicato-ou-associacoes-de-sua-profissao\/","title":{"rendered":"\u201cMuitos profissionais saem da universidade sem terem ouvido falar de Conselho, Sindicato ou Associa\u00e7\u00f5es de sua profiss\u00e3o\u201d"},"content":{"rendered":"\n<p>\u201cMuitos profissionais saem da universidade sem terem ouvido falar de Conselho, Sindicato ou Associa\u00e7\u00f5es de sua profiss\u00e3o\u201d l Em #entrevista, bib. Adelaide Cortes conta sobre sua trajet\u00f3ria e liga\u00e7\u00e3o com o #MovimentoAssociativo de biblioteconomia via Biblioo <a href=\"https:\/\/t.co\/2z5R0cm0AI\">https:\/\/t.co\/2z5R0cm0AI<\/a>\u2014 Pedro Andretta (@pedroisandretta) September 15, 2021 Fonte : Projeto Informe-CI<\/p>\n","protected":false},"excerpt":{"rendered":"<p>\u201cMuitos profissionais saem da universidade sem terem ouvido falar de Conselho, Sindicato ou Associa\u00e7\u00f5es de sua profiss\u00e3o\u201d l Em #entrevista, bib. Adelaide Cortes conta sobre sua trajet\u00f3ria e liga\u00e7\u00e3o com o #MovimentoAssociativo de biblioteconomia via Biblioo https:\/\/t.co\/2z5R0cm0AI\u2014 Pedro Andretta (@pedroisandretta) September 15, 2021 Fonte : Projeto Informe-CI<\/p>\n","protected":false},"author":1,"featured_media":0,"comment_status":"open","ping_status":"open","sticky":false,"template":"","format":"standard","meta":{"_jetpack_memberships_contains_paid_content":false,"footnotes":"","jetpack_publicize_message":"","jetpack_publicize_feature_enabled":true,"jetpack_social_post_already_shared":true,"jetpack_social_options":{"image_generator_settings":{"template":"highway","default_image_id":0,"font":"","enabled":false},"version":2}},"categories":[21],"tags":[1102],"class_list":["post-12066","post","type-post","status-publish","format-standard","hentry","category-informeci","tag-movimentoassociativo"],"jetpack_publicize_connections":[],"jetpack_featured_media_url":"","views":"","jetpack_sharing_enabled":true,"_links":{"self":[{"href":"https:\/\/www.pedroandretta.info\/index\/wp-json\/wp\/v2\/posts\/12066","targetHints":{"allow":["GET"]}}],"collection":[{"href":"https:\/\/www.pedroandretta.info\/index\/wp-json\/wp\/v2\/posts"}],"about":[{"href":"https:\/\/www.pedroandretta.info\/index\/wp-json\/wp\/v2\/types\/post"}],"author":[{"embeddable":true,"href":"https:\/\/www.pedroandretta.info\/index\/wp-json\/wp\/v2\/users\/1"}],"replies":[{"embeddable":true,"href":"https:\/\/www.pedroandretta.info\/index\/wp-json\/wp\/v2\/comments?post=12066"}],"version-history":[{"count":0,"href":"https:\/\/www.pedroandretta.info\/index\/wp-json\/wp\/v2\/posts\/12066\/revisions"}],"wp:attachment":[{"href":"https:\/\/www.pedroandretta.info\/index\/wp-json\/wp\/v2\/media?parent=12066"}],"wp:term":[{"taxonomy":"category","embeddable":true,"href":"https:\/\/www.pedroandretta.info\/index\/wp-json\/wp\/v2\/categories?post=12066"},{"taxonomy":"post_tag","embeddable":true,"href":"https:\/\/www.pedroandretta.info\/index\/wp-json\/wp\/v2\/tags?post=12066"}],"curies":[{"name":"wp","href":"https:\/\/api.w.org\/{rel}","templated":true}]}}