{"id":12089,"date":"2021-09-22T00:15:26","date_gmt":"2021-09-22T04:15:26","guid":{"rendered":"https:\/\/www.pedroandretta.info\/index\/?p=12089"},"modified":"2021-09-22T00:15:26","modified_gmt":"2021-09-22T04:15:26","slug":"ecoevorxiv-preprints-l-vale-conferir-este-repositorio-para-a-area-de-meio-ambien","status":"publish","type":"post","link":"https:\/\/www.pedroandretta.info\/index\/2021\/09\/ecoevorxiv-preprints-l-vale-conferir-este-repositorio-para-a-area-de-meio-ambien\/","title":{"rendered":"EcoEvoRxiv Preprints l Vale conferir este reposit\u00f3rio para a \u00e1rea de meio ambien&#8230;"},"content":{"rendered":"<p>[ad_1]<\/p>\n<p>EcoEvoRxiv Preprints l Vale conferir este reposit\u00f3rio para a \u00e1rea de meio ambiente, ecologia, evolu\u00e7\u00e3o e conserva\u00e7\u00e3o! #MeioAmbiente #Ecologia #Reposit\u00f3rios <a href=\"https:\/\/ecoevorxiv.org\/\" target=\"_blank\" rel=\"noopener\">ecoevorxiv.org<\/a><br \/>\n[ad_2]<br \/>\n<br \/><a href=\"https:\/\/twitter.com\/pedroisandretta\/statuses\/1440530150341312519\">Fonte<\/a> by <a href=\"https:\/\/t.co\/MfIsGWjH1p\">Projeto Informe-CI<\/a><\/p>\n","protected":false},"excerpt":{"rendered":"<p>[ad_1] EcoEvoRxiv Preprints l Vale conferir este reposit\u00f3rio para a \u00e1rea de meio ambiente, ecologia, evolu\u00e7\u00e3o e conserva\u00e7\u00e3o! #MeioAmbiente #Ecologia #Reposit\u00f3rios ecoevorxiv.org [ad_2] Fonte by Projeto Informe-CI<\/p>\n","protected":false},"author":1,"featured_media":0,"comment_status":"open","ping_status":"open","sticky":false,"template":"","format":"standard","meta":{"_jetpack_memberships_contains_paid_content":false,"footnotes":"","jetpack_publicize_message":"","jetpack_publicize_feature_enabled":true,"jetpack_social_post_already_shared":true,"jetpack_social_options":{"image_generator_settings":{"template":"highway","default_image_id":0,"font":"","enabled":false},"version":2}},"categories":[21],"tags":[2577,1421,244],"class_list":["post-12089","post","type-post","status-publish","format-standard","hentry","category-informeci","tag-ecologia","tag-meioambiente","tag-repositorios"],"jetpack_publicize_connections":[],"jetpack_featured_media_url":"","views":"","jetpack_sharing_enabled":true,"_links":{"self":[{"href":"https:\/\/www.pedroandretta.info\/index\/wp-json\/wp\/v2\/posts\/12089","targetHints":{"allow":["GET"]}}],"collection":[{"href":"https:\/\/www.pedroandretta.info\/index\/wp-json\/wp\/v2\/posts"}],"about":[{"href":"https:\/\/www.pedroandretta.info\/index\/wp-json\/wp\/v2\/types\/post"}],"author":[{"embeddable":true,"href":"https:\/\/www.pedroandretta.info\/index\/wp-json\/wp\/v2\/users\/1"}],"replies":[{"embeddable":true,"href":"https:\/\/www.pedroandretta.info\/index\/wp-json\/wp\/v2\/comments?post=12089"}],"version-history":[{"count":0,"href":"https:\/\/www.pedroandretta.info\/index\/wp-json\/wp\/v2\/posts\/12089\/revisions"}],"wp:attachment":[{"href":"https:\/\/www.pedroandretta.info\/index\/wp-json\/wp\/v2\/media?parent=12089"}],"wp:term":[{"taxonomy":"category","embeddable":true,"href":"https:\/\/www.pedroandretta.info\/index\/wp-json\/wp\/v2\/categories?post=12089"},{"taxonomy":"post_tag","embeddable":true,"href":"https:\/\/www.pedroandretta.info\/index\/wp-json\/wp\/v2\/tags?post=12089"}],"curies":[{"name":"wp","href":"https:\/\/api.w.org\/{rel}","templated":true}]}}