{"id":12134,"date":"2021-09-25T01:15:33","date_gmt":"2021-09-25T05:15:33","guid":{"rendered":"https:\/\/www.pedroandretta.info\/index\/?p=12134"},"modified":"2021-09-25T01:15:33","modified_gmt":"2021-09-25T05:15:33","slug":"contributos-para-o-perfil-das-gestoras-e-curadoras-de-informacao-em-portugal-l-p","status":"publish","type":"post","link":"https:\/\/www.pedroandretta.info\/index\/2021\/09\/contributos-para-o-perfil-das-gestoras-e-curadoras-de-informacao-em-portugal-l-p\/","title":{"rendered":"Contributos para o perfil das gestoras e curadoras de informa\u00e7\u00e3o em Portugal l P&#8230;"},"content":{"rendered":"<p>[ad_1]<br \/>\n<img data-recalc-dims=\"1\" decoding=\"async\" src=\"https:\/\/i0.wp.com\/pbs.twimg.com\/media\/FAG0KlXUUAUOYPq.jpg?w=696&#038;ssl=1\" \/><\/p>\n<p><img data-recalc-dims=\"1\" decoding=\"async\" src=\"https:\/\/i0.wp.com\/pbs.twimg.com\/media\/FAG0vFYUUAUTo8x.jpg?w=696&#038;ssl=1\"\/><\/p>\n<p>Contributos para o perfil das gestoras e curadoras de informa\u00e7\u00e3o em Portugal l Para ver: quais as compet\u00eancias e habilidades informacionais e digitais da gera\u00e7\u00e3o Google ligadas ao ciclo de vida da informa\u00e7\u00e3o #Gera\u00e7\u00e3oGoogle #CoInfo #Educa\u00e7\u00e3oMidi\u00e1tica   <a href=\"https:\/\/ojs.letras.up.pt\/index.php\/paginasaeb\/article\/view\/10213\/9855\" target=\"_blank\" rel=\"noopener\">ojs.letras.up.pt\/index.php\/pagi\u2026<\/a> <a href=\"https:\/\/t.co\/N9QOc9C05M\" target=\"_blank\" rel=\"noopener\">https:\/\/t.co\/N9QOc9C05M<\/a><br \/>\n[ad_2]<br \/>\n<br \/><a href=\"https:\/\/twitter.com\/pedroisandretta\/statuses\/1441632442041860097\">Fonte<\/a> by <a href=\"https:\/\/t.co\/MfIsGWjH1p\">Projeto Informe-CI<\/a><\/p>\n","protected":false},"excerpt":{"rendered":"<p>[ad_1] Contributos para o perfil das gestoras e curadoras de informa\u00e7\u00e3o em Portugal l Para ver: quais as compet\u00eancias e habilidades informacionais e digitais da gera\u00e7\u00e3o Google ligadas ao ciclo de vida da informa\u00e7\u00e3o #Gera\u00e7\u00e3oGoogle #CoInfo #Educa\u00e7\u00e3oMidi\u00e1tica ojs.letras.up.pt\/index.php\/pagi\u2026 https:\/\/t.co\/N9QOc9C05M [ad_2] Fonte by Projeto Informe-CI<\/p>\n","protected":false},"author":1,"featured_media":12135,"comment_status":"open","ping_status":"open","sticky":false,"template":"","format":"standard","meta":{"_jetpack_memberships_contains_paid_content":false,"footnotes":"","jetpack_publicize_message":"","jetpack_publicize_feature_enabled":true,"jetpack_social_post_already_shared":true,"jetpack_social_options":{"image_generator_settings":{"template":"highway","default_image_id":0,"font":"","enabled":false},"version":2}},"categories":[21],"tags":[46,426,2660],"class_list":["post-12134","post","type-post","status-publish","format-standard","has-post-thumbnail","hentry","category-informeci","tag-coinfo","tag-educacaomidiatica","tag-geracaogoogle"],"jetpack_publicize_connections":[],"jetpack_featured_media_url":"https:\/\/i0.wp.com\/www.pedroandretta.info\/index\/wp-content\/uploads\/2021\/09\/FAG0KlXUUAUOYPq.jpg?fit=426%2C730&ssl=1","views":"","jetpack_sharing_enabled":true,"_links":{"self":[{"href":"https:\/\/www.pedroandretta.info\/index\/wp-json\/wp\/v2\/posts\/12134","targetHints":{"allow":["GET"]}}],"collection":[{"href":"https:\/\/www.pedroandretta.info\/index\/wp-json\/wp\/v2\/posts"}],"about":[{"href":"https:\/\/www.pedroandretta.info\/index\/wp-json\/wp\/v2\/types\/post"}],"author":[{"embeddable":true,"href":"https:\/\/www.pedroandretta.info\/index\/wp-json\/wp\/v2\/users\/1"}],"replies":[{"embeddable":true,"href":"https:\/\/www.pedroandretta.info\/index\/wp-json\/wp\/v2\/comments?post=12134"}],"version-history":[{"count":0,"href":"https:\/\/www.pedroandretta.info\/index\/wp-json\/wp\/v2\/posts\/12134\/revisions"}],"wp:featuredmedia":[{"embeddable":true,"href":"https:\/\/www.pedroandretta.info\/index\/wp-json\/wp\/v2\/media\/12135"}],"wp:attachment":[{"href":"https:\/\/www.pedroandretta.info\/index\/wp-json\/wp\/v2\/media?parent=12134"}],"wp:term":[{"taxonomy":"category","embeddable":true,"href":"https:\/\/www.pedroandretta.info\/index\/wp-json\/wp\/v2\/categories?post=12134"},{"taxonomy":"post_tag","embeddable":true,"href":"https:\/\/www.pedroandretta.info\/index\/wp-json\/wp\/v2\/tags?post=12134"}],"curies":[{"name":"wp","href":"https:\/\/api.w.org\/{rel}","templated":true}]}}