{"id":12173,"date":"2021-09-28T02:24:22","date_gmt":"2021-09-28T06:24:22","guid":{"rendered":"https:\/\/www.pedroandretta.info\/index\/2021\/09\/28\/habilidades-essenciais-para-gestores-de-biblioteca-lideranca-l-lideranca-e-o-a\/"},"modified":"2021-09-28T02:24:22","modified_gmt":"2021-09-28T06:24:22","slug":"habilidades-essenciais-para-gestores-de-biblioteca-lideranca-l-lideranca-e-o-a","status":"publish","type":"post","link":"https:\/\/www.pedroandretta.info\/index\/2021\/09\/habilidades-essenciais-para-gestores-de-biblioteca-lideranca-l-lideranca-e-o-a\/","title":{"rendered":"Habilidades essenciais para gestores de biblioteca: lideran\u00e7a l &#8220;Lideran\u00e7a \u00e9 o a&#8230;"},"content":{"rendered":"<p>[ad_1]<br \/>\n<img data-recalc-dims=\"1\" decoding=\"async\" src=\"https:\/\/i0.wp.com\/pbs.twimg.com\/media\/FAWcDGjWYAEsgmX.png?w=696&#038;ssl=1\" \/><\/p>\n<p>Habilidades essenciais para gestores de biblioteca: lideran\u00e7a l &#8220;Lideran\u00e7a \u00e9 o ato de influenciar pessoas fornecendo um prop\u00f3sito, dire\u00e7\u00e3o e motiva\u00e7\u00e3o [&#8230;].&#8221; Da editora Routledge. #LivrosCI #Lideran\u00e7a #Gest\u00e3oDeBibliotecas<br \/>\n<a href=\"https:\/\/librarianresources.taylorandfrancis.com\/wp-content\/uploads\/2019\/06\/MSMIXL1901-KSLM-Leadership-FB_r3-final.pdf\" target=\"_blank\" rel=\"noopener\">\u2026brarianresources.taylorandfrancis.com\/wp-content\/upl\u2026<\/a> <a href=\"https:\/\/t.co\/6zWH1q1Nxo\" target=\"_blank\" rel=\"noopener\">https:\/\/t.co\/6zWH1q1Nxo<\/a><br \/>\n[ad_2]<br \/>\n<br \/><a href=\"https:\/\/twitter.com\/pedroisandretta\/statuses\/1442736924263960578\">Fonte<\/a> by <a href=\"https:\/\/t.co\/MfIsGWjH1p\">Projeto Informe-CI<\/a><\/p>\n","protected":false},"excerpt":{"rendered":"<p>[ad_1] Habilidades essenciais para gestores de biblioteca: lideran\u00e7a l &#8220;Lideran\u00e7a \u00e9 o ato de influenciar pessoas fornecendo um prop\u00f3sito, dire\u00e7\u00e3o e motiva\u00e7\u00e3o [&#8230;].&#8221; Da editora Routledge. #LivrosCI #Lideran\u00e7a #Gest\u00e3oDeBibliotecas \u2026brarianresources.taylorandfrancis.com\/wp-content\/upl\u2026 https:\/\/t.co\/6zWH1q1Nxo [ad_2] Fonte by Projeto Informe-CI<\/p>\n","protected":false},"author":1,"featured_media":12174,"comment_status":"open","ping_status":"open","sticky":false,"template":"","format":"standard","meta":{"_jetpack_memberships_contains_paid_content":false,"footnotes":"","jetpack_publicize_message":"","jetpack_publicize_feature_enabled":true,"jetpack_social_post_already_shared":true,"jetpack_social_options":{"image_generator_settings":{"template":"highway","default_image_id":0,"font":"","enabled":false},"version":2}},"categories":[21],"tags":[1498,840,1733],"class_list":["post-12173","post","type-post","status-publish","format-standard","has-post-thumbnail","hentry","category-informeci","tag-gestaodebibliotecas","tag-lideranca","tag-livrosci"],"jetpack_publicize_connections":[],"jetpack_featured_media_url":"https:\/\/i0.wp.com\/www.pedroandretta.info\/index\/wp-content\/uploads\/2021\/09\/FAWcDGjWYAEsgmX.png?fit=622%2C804&ssl=1","views":"","jetpack_sharing_enabled":true,"_links":{"self":[{"href":"https:\/\/www.pedroandretta.info\/index\/wp-json\/wp\/v2\/posts\/12173","targetHints":{"allow":["GET"]}}],"collection":[{"href":"https:\/\/www.pedroandretta.info\/index\/wp-json\/wp\/v2\/posts"}],"about":[{"href":"https:\/\/www.pedroandretta.info\/index\/wp-json\/wp\/v2\/types\/post"}],"author":[{"embeddable":true,"href":"https:\/\/www.pedroandretta.info\/index\/wp-json\/wp\/v2\/users\/1"}],"replies":[{"embeddable":true,"href":"https:\/\/www.pedroandretta.info\/index\/wp-json\/wp\/v2\/comments?post=12173"}],"version-history":[{"count":0,"href":"https:\/\/www.pedroandretta.info\/index\/wp-json\/wp\/v2\/posts\/12173\/revisions"}],"wp:featuredmedia":[{"embeddable":true,"href":"https:\/\/www.pedroandretta.info\/index\/wp-json\/wp\/v2\/media\/12174"}],"wp:attachment":[{"href":"https:\/\/www.pedroandretta.info\/index\/wp-json\/wp\/v2\/media?parent=12173"}],"wp:term":[{"taxonomy":"category","embeddable":true,"href":"https:\/\/www.pedroandretta.info\/index\/wp-json\/wp\/v2\/categories?post=12173"},{"taxonomy":"post_tag","embeddable":true,"href":"https:\/\/www.pedroandretta.info\/index\/wp-json\/wp\/v2\/tags?post=12173"}],"curies":[{"name":"wp","href":"https:\/\/api.w.org\/{rel}","templated":true}]}}