{"id":12183,"date":"2021-09-28T19:06:36","date_gmt":"2021-09-28T23:06:36","guid":{"rendered":"https:\/\/www.pedroandretta.info\/index\/2021\/09\/28\/lenda-bororo-vira-jogo-digital-educativo-com-base-em-relato-estudado-pelo-ant\/"},"modified":"2021-09-28T19:06:36","modified_gmt":"2021-09-28T23:06:36","slug":"lenda-bororo-vira-jogo-digital-educativo-com-base-em-relato-estudado-pelo-ant","status":"publish","type":"post","link":"https:\/\/www.pedroandretta.info\/index\/2021\/09\/lenda-bororo-vira-jogo-digital-educativo-com-base-em-relato-estudado-pelo-ant\/","title":{"rendered":"Lenda bororo vira jogo digital educativo | \u201cCom base em relato estudado pelo ant&#8230;"},"content":{"rendered":"<p>[ad_1]<\/p>\n<p>Lenda bororo vira jogo digital educativo | \u201cCom base em relato estudado pelo antrop\u00f3logo Claude L\u00e9vi-Strauss, pesquisadora da UFSCar cria aplicativo para ensinar crian\u00e7as de 5 a 10 anos\u201d. #CulturaInd\u00edgena #Gamifica\u00e7\u00e3o #Educa\u00e7\u00e3oInfantil via Ag\u00eancia FAPESP <a href=\"https:\/\/agencia.fapesp.br\/lenda-bororo-vira-jogo-digital-educativo\/36860\/\" target=\"_blank\" rel=\"noopener\">agencia.fapesp.br\/lenda-bororo-v\u2026<\/a><br \/>\n[ad_2]<br \/>\n<br \/><a href=\"https:\/\/twitter.com\/pedroisandretta\/statuses\/1442989145085800448\">Fonte<\/a> by <a href=\"https:\/\/t.co\/MfIsGWjH1p\">Projeto Informe-CI<\/a><\/p>\n","protected":false},"excerpt":{"rendered":"<p>[ad_1] Lenda bororo vira jogo digital educativo | \u201cCom base em relato estudado pelo antrop\u00f3logo Claude L\u00e9vi-Strauss, pesquisadora da UFSCar cria aplicativo para ensinar crian\u00e7as de 5 a 10 anos\u201d. #CulturaInd\u00edgena #Gamifica\u00e7\u00e3o #Educa\u00e7\u00e3oInfantil via Ag\u00eancia FAPESP agencia.fapesp.br\/lenda-bororo-v\u2026 [ad_2] Fonte by Projeto Informe-CI<\/p>\n","protected":false},"author":1,"featured_media":0,"comment_status":"open","ping_status":"open","sticky":false,"template":"","format":"standard","meta":{"_jetpack_memberships_contains_paid_content":false,"footnotes":"","jetpack_publicize_message":"","jetpack_publicize_feature_enabled":true,"jetpack_social_post_already_shared":true,"jetpack_social_options":{"image_generator_settings":{"template":"highway","default_image_id":0,"font":"","enabled":false},"version":2}},"categories":[21],"tags":[2674,2514,1517],"class_list":["post-12183","post","type-post","status-publish","format-standard","hentry","category-informeci","tag-culturaindigena","tag-educacaoinfantil","tag-gamificacao"],"jetpack_publicize_connections":[],"jetpack_featured_media_url":"","views":"","jetpack_sharing_enabled":true,"_links":{"self":[{"href":"https:\/\/www.pedroandretta.info\/index\/wp-json\/wp\/v2\/posts\/12183","targetHints":{"allow":["GET"]}}],"collection":[{"href":"https:\/\/www.pedroandretta.info\/index\/wp-json\/wp\/v2\/posts"}],"about":[{"href":"https:\/\/www.pedroandretta.info\/index\/wp-json\/wp\/v2\/types\/post"}],"author":[{"embeddable":true,"href":"https:\/\/www.pedroandretta.info\/index\/wp-json\/wp\/v2\/users\/1"}],"replies":[{"embeddable":true,"href":"https:\/\/www.pedroandretta.info\/index\/wp-json\/wp\/v2\/comments?post=12183"}],"version-history":[{"count":0,"href":"https:\/\/www.pedroandretta.info\/index\/wp-json\/wp\/v2\/posts\/12183\/revisions"}],"wp:attachment":[{"href":"https:\/\/www.pedroandretta.info\/index\/wp-json\/wp\/v2\/media?parent=12183"}],"wp:term":[{"taxonomy":"category","embeddable":true,"href":"https:\/\/www.pedroandretta.info\/index\/wp-json\/wp\/v2\/categories?post=12183"},{"taxonomy":"post_tag","embeddable":true,"href":"https:\/\/www.pedroandretta.info\/index\/wp-json\/wp\/v2\/tags?post=12183"}],"curies":[{"name":"wp","href":"https:\/\/api.w.org\/{rel}","templated":true}]}}